{"id":31683,"date":"2024-08-29T11:09:52","date_gmt":"2024-08-29T14:09:52","guid":{"rendered":"https:\/\/www.yungayino.cl\/noticias\/?p=31683"},"modified":"2024-08-29T12:17:25","modified_gmt":"2024-08-29T15:17:25","slug":"taller-ranchillo-bajo","status":"publish","type":"post","link":"https:\/\/www.yungayino.cl\/noticias\/?p=31683","title":{"rendered":"Taller Ranchillo Bajo"},"content":{"rendered":"<p><img loading=\"lazy\" decoding=\"async\" class=\"alignnone wp-image-31684 size-full\" src=\"https:\/\/www.yungayino.cl\/noticias\/wp-content\/uploads\/2024\/08\/portada-25.jpg\" alt=\"\" width=\"700\" height=\"350\" srcset=\"https:\/\/www.yungayino.cl\/noticias\/wp-content\/uploads\/2024\/08\/portada-25.jpg 700w, https:\/\/www.yungayino.cl\/noticias\/wp-content\/uploads\/2024\/08\/portada-25-300x150.jpg 300w\" sizes=\"auto, (max-width: 700px) 100vw, 700px\" \/><\/p>\n<p style=\"text-align: justify;\">Yungay, agosto 2024: En el sector de Ranchillo Bajo se desarroll\u00f3 la exposici\u00f3n de las vecinas del taller de manualidades junto a nuestro alcalde Rafael Cifuentes y la directora del Departamento de Desarrollo Comunitario, Pamela Jelves.<\/p>\n<p style=\"text-align: justify;\">Durante la visita, el equipo del programa Autonom\u00eda Econ\u00f3mica de la Mujer estuvo presente para apoyar y motivar a las participantes, entregando material que fortalecer\u00e1 el taller y permitir\u00e1 que las vecinas contin\u00faen creando estos hermosos trabajos.<\/p>\n<p style=\"text-align: justify;\">Sigamos apoyando estas valiosas iniciativas que promueven el desarrollo personal y la autonom\u00eda econ\u00f3mica de las mujeres en nuestra comuna.<\/p>\n<p>&nbsp;<\/p>\n<p>&nbsp;<\/p>\n<p style=\"text-align: center;\"><strong>FOTOGRAF\u00cdAS:<\/strong><\/p>\n<p style=\"text-align: center;\"><iframe loading=\"lazy\" style=\"border: none; overflow: hidden;\" src=\"https:\/\/www.facebook.com\/plugins\/post.php?href=https%3A%2F%2Fwww.facebook.com%2Fyungayino.cl%2Fposts%2Fpfbid0jPdLLJbGrycHoUVEFKmD2WTv9ykAyjHgELW59CLDQEu2NxQ2ACvzj81UAMYJ6gWhl&amp;show_text=true&amp;width=500\" width=\"500\" height=\"848\" frameborder=\"0\" scrolling=\"no\" allowfullscreen=\"allowfullscreen\"><\/iframe><\/p>\n","protected":false},"excerpt":{"rendered":"<p>Yungay, agosto 2024: En el sector de Ranchillo Bajo se desarroll\u00f3 la exposici\u00f3n de las vecinas del taller de manualidades junto a nuestro alcalde Rafael Cifuentes y la directora del Departamento de Desarrollo Comunitario,&#46;&#46;&#46;<\/p>\n","protected":false},"author":2,"featured_media":31684,"comment_status":"closed","ping_status":"closed","sticky":false,"template":"","format":"standard","meta":{"footnotes":""},"categories":[1],"tags":[1115,78,2909,8,6,117],"class_list":["post-31683","post","type-post","status-publish","format-standard","has-post-thumbnail","hentry","category-noticias","tag-noticias","tag-ranchillo-bajo","tag-taller","tag-yungay","tag-yungayino","tag-yungayinocl"],"_links":{"self":[{"href":"https:\/\/www.yungayino.cl\/noticias\/index.php?rest_route=\/wp\/v2\/posts\/31683","targetHints":{"allow":["GET"]}}],"collection":[{"href":"https:\/\/www.yungayino.cl\/noticias\/index.php?rest_route=\/wp\/v2\/posts"}],"about":[{"href":"https:\/\/www.yungayino.cl\/noticias\/index.php?rest_route=\/wp\/v2\/types\/post"}],"author":[{"embeddable":true,"href":"https:\/\/www.yungayino.cl\/noticias\/index.php?rest_route=\/wp\/v2\/users\/2"}],"replies":[{"embeddable":true,"href":"https:\/\/www.yungayino.cl\/noticias\/index.php?rest_route=%2Fwp%2Fv2%2Fcomments&post=31683"}],"version-history":[{"count":4,"href":"https:\/\/www.yungayino.cl\/noticias\/index.php?rest_route=\/wp\/v2\/posts\/31683\/revisions"}],"predecessor-version":[{"id":31688,"href":"https:\/\/www.yungayino.cl\/noticias\/index.php?rest_route=\/wp\/v2\/posts\/31683\/revisions\/31688"}],"wp:featuredmedia":[{"embeddable":true,"href":"https:\/\/www.yungayino.cl\/noticias\/index.php?rest_route=\/wp\/v2\/media\/31684"}],"wp:attachment":[{"href":"https:\/\/www.yungayino.cl\/noticias\/index.php?rest_route=%2Fwp%2Fv2%2Fmedia&parent=31683"}],"wp:term":[{"taxonomy":"category","embeddable":true,"href":"https:\/\/www.yungayino.cl\/noticias\/index.php?rest_route=%2Fwp%2Fv2%2Fcategories&post=31683"},{"taxonomy":"post_tag","embeddable":true,"href":"https:\/\/www.yungayino.cl\/noticias\/index.php?rest_route=%2Fwp%2Fv2%2Ftags&post=31683"}],"curies":[{"name":"wp","href":"https:\/\/api.w.org\/{rel}","templated":true}]}}