{"id":31693,"date":"2024-08-30T09:00:50","date_gmt":"2024-08-30T12:00:50","guid":{"rendered":"https:\/\/www.yungayino.cl\/noticias\/?p=31693"},"modified":"2024-08-30T10:54:22","modified_gmt":"2024-08-30T13:54:22","slug":"taller-las-munequitas-2","status":"publish","type":"post","link":"https:\/\/www.yungayino.cl\/noticias\/?p=31693","title":{"rendered":"Taller Las Mu\u00f1equitas"},"content":{"rendered":"<p><img loading=\"lazy\" decoding=\"async\" class=\"alignnone wp-image-31694 size-full\" src=\"https:\/\/www.yungayino.cl\/noticias\/wp-content\/uploads\/2024\/08\/portada-27.jpg\" alt=\"\" width=\"700\" height=\"350\" srcset=\"https:\/\/www.yungayino.cl\/noticias\/wp-content\/uploads\/2024\/08\/portada-27.jpg 700w, https:\/\/www.yungayino.cl\/noticias\/wp-content\/uploads\/2024\/08\/portada-27-300x150.jpg 300w\" sizes=\"auto, (max-width: 700px) 100vw, 700px\" \/><\/p>\n<p style=\"text-align: justify;\">Yungay, agosto 2024: El alcalde Rafael Cifuentes Rodr\u00edguez, acompa\u00f1ado de la directora del Departamento de Desarrollo Comunitario, Pamela Jelves y el equipo profesional del programa Autonom\u00eda Econ\u00f3mica de la Mujer, llego hasta la sede de Tres Esquinas para visitar la exposici\u00f3n de las maravillosas creaciones del taller de manualidades Las Mu\u00f1equitas.<\/p>\n<p style=\"text-align: justify;\">Durante la visita, la encargada del programa de Autonom\u00eda Econ\u00f3mica de la Mujer, Karen Novoa, reconoci\u00f3 el valioso trabajo realizado por el Taller de Manualidades Las Mu\u00f1equitas, resaltando la importancia de fomentar la autonom\u00eda econ\u00f3mica de las mujeres a trav\u00e9s de la artesan\u00eda y el emprendimiento.<\/p>\n<p style=\"text-align: justify;\">Extendemos nuestro reconocimiento a todas las mujeres que forman parte del taller, cuyo talento y dedicaci\u00f3n hacen posible la creaci\u00f3n de estas hermosas obras de arte.<\/p>\n<p>&nbsp;<\/p>\n<p>&nbsp;<\/p>\n<p style=\"text-align: center;\"><strong>FOTOGRAF\u00cdAS:<\/strong><\/p>\n<p style=\"text-align: center;\"><iframe loading=\"lazy\" style=\"border: none; overflow: hidden;\" src=\"https:\/\/www.facebook.com\/plugins\/post.php?href=https%3A%2F%2Fwww.facebook.com%2Fyungayino.cl%2Fposts%2Fpfbid02JyAvkx4QA6EXqSueV6SxRmBJoWzyJPbEQMcxQyMswQiCqB5RDq5P76SdLPd2TuHXl&amp;show_text=true&amp;width=500\" width=\"500\" height=\"829\" frameborder=\"0\" scrolling=\"no\" allowfullscreen=\"allowfullscreen\"><\/iframe><\/p>\n","protected":false},"excerpt":{"rendered":"<p>Yungay, agosto 2024: El alcalde Rafael Cifuentes Rodr\u00edguez, acompa\u00f1ado de la directora del Departamento de Desarrollo Comunitario, Pamela Jelves y el equipo profesional del programa Autonom\u00eda Econ\u00f3mica de la Mujer, llego hasta la sede&#46;&#46;&#46;<\/p>\n","protected":false},"author":2,"featured_media":31694,"comment_status":"closed","ping_status":"closed","sticky":false,"template":"","format":"standard","meta":{"footnotes":""},"categories":[1],"tags":[3264,1115,2909,573,8,6,117],"class_list":["post-31693","post","type-post","status-publish","format-standard","has-post-thumbnail","hentry","category-noticias","tag-las-munequitas","tag-noticias","tag-taller","tag-tres-esquinas","tag-yungay","tag-yungayino","tag-yungayinocl"],"_links":{"self":[{"href":"https:\/\/www.yungayino.cl\/noticias\/index.php?rest_route=\/wp\/v2\/posts\/31693","targetHints":{"allow":["GET"]}}],"collection":[{"href":"https:\/\/www.yungayino.cl\/noticias\/index.php?rest_route=\/wp\/v2\/posts"}],"about":[{"href":"https:\/\/www.yungayino.cl\/noticias\/index.php?rest_route=\/wp\/v2\/types\/post"}],"author":[{"embeddable":true,"href":"https:\/\/www.yungayino.cl\/noticias\/index.php?rest_route=\/wp\/v2\/users\/2"}],"replies":[{"embeddable":true,"href":"https:\/\/www.yungayino.cl\/noticias\/index.php?rest_route=%2Fwp%2Fv2%2Fcomments&post=31693"}],"version-history":[{"count":2,"href":"https:\/\/www.yungayino.cl\/noticias\/index.php?rest_route=\/wp\/v2\/posts\/31693\/revisions"}],"predecessor-version":[{"id":31696,"href":"https:\/\/www.yungayino.cl\/noticias\/index.php?rest_route=\/wp\/v2\/posts\/31693\/revisions\/31696"}],"wp:featuredmedia":[{"embeddable":true,"href":"https:\/\/www.yungayino.cl\/noticias\/index.php?rest_route=\/wp\/v2\/media\/31694"}],"wp:attachment":[{"href":"https:\/\/www.yungayino.cl\/noticias\/index.php?rest_route=%2Fwp%2Fv2%2Fmedia&parent=31693"}],"wp:term":[{"taxonomy":"category","embeddable":true,"href":"https:\/\/www.yungayino.cl\/noticias\/index.php?rest_route=%2Fwp%2Fv2%2Fcategories&post=31693"},{"taxonomy":"post_tag","embeddable":true,"href":"https:\/\/www.yungayino.cl\/noticias\/index.php?rest_route=%2Fwp%2Fv2%2Ftags&post=31693"}],"curies":[{"name":"wp","href":"https:\/\/api.w.org\/{rel}","templated":true}]}}