{"id":31697,"date":"2024-08-30T10:00:25","date_gmt":"2024-08-30T13:00:25","guid":{"rendered":"https:\/\/www.yungayino.cl\/noticias\/?p=31697"},"modified":"2024-08-30T11:06:46","modified_gmt":"2024-08-30T14:06:46","slug":"taller-las-hormiguitas-2","status":"publish","type":"post","link":"https:\/\/www.yungayino.cl\/noticias\/?p=31697","title":{"rendered":"Taller Las Hormiguitas"},"content":{"rendered":"<p><img loading=\"lazy\" decoding=\"async\" class=\"alignnone wp-image-31698 size-full\" src=\"https:\/\/www.yungayino.cl\/noticias\/wp-content\/uploads\/2024\/08\/PORTADA-28.jpg\" alt=\"\" width=\"700\" height=\"350\" srcset=\"https:\/\/www.yungayino.cl\/noticias\/wp-content\/uploads\/2024\/08\/PORTADA-28.jpg 700w, https:\/\/www.yungayino.cl\/noticias\/wp-content\/uploads\/2024\/08\/PORTADA-28-300x150.jpg 300w\" sizes=\"auto, (max-width: 700px) 100vw, 700px\" \/><\/p>\n<p style=\"text-align: justify;\">Yungay, agosto 2024: En la sede Bernardo O\u00b4higgins se llev\u00f3 a cabo la exposici\u00f3n de los trabajos de las vecinas del taller de manualidades Las Hormiguitas.<\/p>\n<p style=\"text-align: justify;\">Con el objetivo de fortalecer el funcionamiento del taller, las profesionales entregaron material que permitir\u00e1 que las vecinas contin\u00faen creando hermosas y \u00fanicas piezas.<\/p>\n<p style=\"text-align: justify;\">Seguimos comprometidos en apoyar iniciativas que promuevan la independencia y el empoderamiento de las mujeres en nuestra comuna.<\/p>\n<p>&nbsp;<\/p>\n<p>&nbsp;<\/p>\n<p style=\"text-align: center;\"><strong>FOTOGRAFIAS:<\/strong><\/p>\n<p style=\"text-align: center;\"><iframe loading=\"lazy\" style=\"border: none; overflow: hidden;\" src=\"https:\/\/www.facebook.com\/plugins\/post.php?href=https%3A%2F%2Fwww.facebook.com%2Fyungayino.cl%2Fposts%2Fpfbid02Ptkpnvh3qu71x5BJowqvfpY89eNka3H9biSGXtCDp4ZAfJa3v4Nvzr9cCpPLArUUl&amp;show_text=true&amp;width=500\" width=\"500\" height=\"809\" frameborder=\"0\" scrolling=\"no\" allowfullscreen=\"allowfullscreen\"><\/iframe><\/p>\n","protected":false},"excerpt":{"rendered":"<p>Yungay, agosto 2024: En la sede Bernardo O\u00b4higgins se llev\u00f3 a cabo la exposici\u00f3n de los trabajos de las vecinas del taller de manualidades Las Hormiguitas. Con el objetivo de fortalecer el funcionamiento del&#46;&#46;&#46;<\/p>\n","protected":false},"author":2,"featured_media":31698,"comment_status":"closed","ping_status":"closed","sticky":false,"template":"","format":"standard","meta":{"footnotes":""},"categories":[1],"tags":[3170,1115,2909,8,6,117],"class_list":["post-31697","post","type-post","status-publish","format-standard","has-post-thumbnail","hentry","category-noticias","tag-las-hormiguitas","tag-noticias","tag-taller","tag-yungay","tag-yungayino","tag-yungayinocl"],"_links":{"self":[{"href":"https:\/\/www.yungayino.cl\/noticias\/index.php?rest_route=\/wp\/v2\/posts\/31697","targetHints":{"allow":["GET"]}}],"collection":[{"href":"https:\/\/www.yungayino.cl\/noticias\/index.php?rest_route=\/wp\/v2\/posts"}],"about":[{"href":"https:\/\/www.yungayino.cl\/noticias\/index.php?rest_route=\/wp\/v2\/types\/post"}],"author":[{"embeddable":true,"href":"https:\/\/www.yungayino.cl\/noticias\/index.php?rest_route=\/wp\/v2\/users\/2"}],"replies":[{"embeddable":true,"href":"https:\/\/www.yungayino.cl\/noticias\/index.php?rest_route=%2Fwp%2Fv2%2Fcomments&post=31697"}],"version-history":[{"count":3,"href":"https:\/\/www.yungayino.cl\/noticias\/index.php?rest_route=\/wp\/v2\/posts\/31697\/revisions"}],"predecessor-version":[{"id":31701,"href":"https:\/\/www.yungayino.cl\/noticias\/index.php?rest_route=\/wp\/v2\/posts\/31697\/revisions\/31701"}],"wp:featuredmedia":[{"embeddable":true,"href":"https:\/\/www.yungayino.cl\/noticias\/index.php?rest_route=\/wp\/v2\/media\/31698"}],"wp:attachment":[{"href":"https:\/\/www.yungayino.cl\/noticias\/index.php?rest_route=%2Fwp%2Fv2%2Fmedia&parent=31697"}],"wp:term":[{"taxonomy":"category","embeddable":true,"href":"https:\/\/www.yungayino.cl\/noticias\/index.php?rest_route=%2Fwp%2Fv2%2Fcategories&post=31697"},{"taxonomy":"post_tag","embeddable":true,"href":"https:\/\/www.yungayino.cl\/noticias\/index.php?rest_route=%2Fwp%2Fv2%2Ftags&post=31697"}],"curies":[{"name":"wp","href":"https:\/\/api.w.org\/{rel}","templated":true}]}}