{"id":31712,"date":"2024-08-31T10:00:33","date_gmt":"2024-08-31T13:00:33","guid":{"rendered":"https:\/\/www.yungayino.cl\/noticias\/?p=31712"},"modified":"2024-08-31T13:55:15","modified_gmt":"2024-08-31T16:55:15","slug":"agrupacion-tea-acoge-celebro-su-primer-aniversario","status":"publish","type":"post","link":"https:\/\/www.yungayino.cl\/noticias\/?p=31712","title":{"rendered":"Agrupaci\u00f3n TEA Acoge Celebr\u00f3 Su Primer Aniversario"},"content":{"rendered":"<p><img loading=\"lazy\" decoding=\"async\" class=\"alignnone wp-image-31713 size-full\" src=\"https:\/\/www.yungayino.cl\/noticias\/wp-content\/uploads\/2024\/08\/portada-31.jpg\" alt=\"\" width=\"700\" height=\"350\" srcset=\"https:\/\/www.yungayino.cl\/noticias\/wp-content\/uploads\/2024\/08\/portada-31.jpg 700w, https:\/\/www.yungayino.cl\/noticias\/wp-content\/uploads\/2024\/08\/portada-31-300x150.jpg 300w\" sizes=\"auto, (max-width: 700px) 100vw, 700px\" \/><\/p>\n<p style=\"text-align: justify;\">Yungay, agosto 2024: En una emotiva ceremonia que reuni\u00f3 a la comunidad y a autoridades locales, la Agrupaci\u00f3n TEA Acoge celebr\u00f3 su primer aniversario. Esta iniciativa, que comenz\u00f3 con la participaci\u00f3n de 15 familias de la Escuela Fernando Baquedano, busca concientizar sobre las neurodivergencias, con un especial enfoque en el autismo.<\/p>\n<p style=\"text-align: justify;\">Durante la actividad, la agrupaci\u00f3n expres\u00f3 su agradecimiento por el apoyo recibido de las autoridades, destacando especialmente la colaboraci\u00f3n de las oficinas del hospital y las oficinas municipales de la Discapacidad y Social Inclusiva, inauguradas en 2023, resaltando que la comuna de Yungay es la \u00fanica en la regi\u00f3n que tiene dos oficinas dedicadas a esta materia.<\/p>\n<p style=\"text-align: justify;\">En su intervenci\u00f3n, el alcalde felicit\u00f3 a TEA Acoge por su esfuerzo y dedicaci\u00f3n, reconociendo el crecimiento de la agrupaci\u00f3n, que en la actualidad re\u00fane a 60 familias de diferentes sectores de la comuna. La autoridad comunal resalt\u00f3 la importancia de esta organizaci\u00f3n en la construcci\u00f3n de una sociedad m\u00e1s inclusiva y comprometida con la diversidad.<\/p>\n<p style=\"text-align: justify;\">El evento fue una oportunidad para celebrar los logros alcanzados en este primer a\u00f1o y para renovar el compromiso con la visibilizaci\u00f3n y el apoyo a las familias de ni\u00f1os, ni\u00f1as y adolescentes con autismo y otras neurodivergencias.<\/p>\n<p style=\"text-align: justify;\">TEA Acoge se ha convertido en un referente local para las familias que buscan apoyo, comprensi\u00f3n y un espacio donde compartir experiencias, fortaleciendo as\u00ed la red comunitaria y promoviendo una mayor inclusi\u00f3n en la sociedad.<\/p>\n<p>&nbsp;<\/p>\n<p>&nbsp;<\/p>\n<p style=\"text-align: center;\"><strong>FOTOGRAF\u00cdAS:<\/strong><\/p>\n<p style=\"text-align: center;\"><iframe loading=\"lazy\" style=\"border: none; overflow: hidden;\" src=\"https:\/\/www.facebook.com\/plugins\/post.php?href=https%3A%2F%2Fwww.facebook.com%2Fyungayino.cl%2Fposts%2Fpfbid02js9b56SijiUReX85NmRd6nFK2d7jmToB8TPsCHGRzFKDHYUZSvxif9vucwiarTP5l&amp;show_text=true&amp;width=500\" width=\"500\" height=\"829\" frameborder=\"0\" scrolling=\"no\" allowfullscreen=\"allowfullscreen\"><\/iframe><\/p>\n","protected":false},"excerpt":{"rendered":"<p>Yungay, agosto 2024: En una emotiva ceremonia que reuni\u00f3 a la comunidad y a autoridades locales, la Agrupaci\u00f3n TEA Acoge celebr\u00f3 su primer aniversario. Esta iniciativa, que comenz\u00f3 con la participaci\u00f3n de 15 familias&#46;&#46;&#46;<\/p>\n","protected":false},"author":2,"featured_media":31713,"comment_status":"closed","ping_status":"closed","sticky":false,"template":"","format":"standard","meta":{"footnotes":""},"categories":[1],"tags":[3265,1115,2857,8,6,117],"class_list":["post-31712","post","type-post","status-publish","format-standard","has-post-thumbnail","hentry","category-noticias","tag-agrupacion","tag-noticias","tag-tea","tag-yungay","tag-yungayino","tag-yungayinocl"],"_links":{"self":[{"href":"https:\/\/www.yungayino.cl\/noticias\/index.php?rest_route=\/wp\/v2\/posts\/31712","targetHints":{"allow":["GET"]}}],"collection":[{"href":"https:\/\/www.yungayino.cl\/noticias\/index.php?rest_route=\/wp\/v2\/posts"}],"about":[{"href":"https:\/\/www.yungayino.cl\/noticias\/index.php?rest_route=\/wp\/v2\/types\/post"}],"author":[{"embeddable":true,"href":"https:\/\/www.yungayino.cl\/noticias\/index.php?rest_route=\/wp\/v2\/users\/2"}],"replies":[{"embeddable":true,"href":"https:\/\/www.yungayino.cl\/noticias\/index.php?rest_route=%2Fwp%2Fv2%2Fcomments&post=31712"}],"version-history":[{"count":2,"href":"https:\/\/www.yungayino.cl\/noticias\/index.php?rest_route=\/wp\/v2\/posts\/31712\/revisions"}],"predecessor-version":[{"id":31715,"href":"https:\/\/www.yungayino.cl\/noticias\/index.php?rest_route=\/wp\/v2\/posts\/31712\/revisions\/31715"}],"wp:featuredmedia":[{"embeddable":true,"href":"https:\/\/www.yungayino.cl\/noticias\/index.php?rest_route=\/wp\/v2\/media\/31713"}],"wp:attachment":[{"href":"https:\/\/www.yungayino.cl\/noticias\/index.php?rest_route=%2Fwp%2Fv2%2Fmedia&parent=31712"}],"wp:term":[{"taxonomy":"category","embeddable":true,"href":"https:\/\/www.yungayino.cl\/noticias\/index.php?rest_route=%2Fwp%2Fv2%2Fcategories&post=31712"},{"taxonomy":"post_tag","embeddable":true,"href":"https:\/\/www.yungayino.cl\/noticias\/index.php?rest_route=%2Fwp%2Fv2%2Ftags&post=31712"}],"curies":[{"name":"wp","href":"https:\/\/api.w.org\/{rel}","templated":true}]}}