{"id":31736,"date":"2024-09-03T07:00:31","date_gmt":"2024-09-03T10:00:31","guid":{"rendered":"https:\/\/www.yungayino.cl\/noticias\/?p=31736"},"modified":"2024-09-02T20:34:38","modified_gmt":"2024-09-02T23:34:38","slug":"mas-de-130-dirigentes-sociales-de-nuble-participaron-en-ceremonia-de-reconocimiento-realizada-por-segegob","status":"publish","type":"post","link":"https:\/\/www.yungayino.cl\/noticias\/?p=31736","title":{"rendered":"M\u00e1s De 130 Dirigentes Sociales De \u00d1uble Participaron En Ceremonia De Reconocimiento Realizada Por Segegob"},"content":{"rendered":"<p><img loading=\"lazy\" decoding=\"async\" class=\"alignnone wp-image-31737 size-full\" src=\"https:\/\/www.yungayino.cl\/noticias\/wp-content\/uploads\/2024\/09\/FOTO-2-CP.jpg\" alt=\"\" width=\"700\" height=\"350\" srcset=\"https:\/\/www.yungayino.cl\/noticias\/wp-content\/uploads\/2024\/09\/FOTO-2-CP.jpg 700w, https:\/\/www.yungayino.cl\/noticias\/wp-content\/uploads\/2024\/09\/FOTO-2-CP-300x150.jpg 300w\" sizes=\"auto, (max-width: 700px) 100vw, 700px\" \/><\/p>\n<p style=\"text-align: justify;\">\u00d1uble, septiembre 2024: La actividad se enmarc\u00f3 en la conmemoraci\u00f3n del cierre del Mes de la Dirigencia Social, el que involucr\u00f3 distintas actividades como capacitaciones, charlas, entre otros.<\/p>\n<p style=\"text-align: justify;\">Con el objetivo de realizar un reconocimiento a las y los dirigentes sociales en su mes, Seremi de Gobierno en \u00d1uble conmemor\u00f3 a representantes de las 21 comunas de la regi\u00f3n, quienes cumplen un importante rol en sus comunidades. En la instancia, a trav\u00e9s de la Divisi\u00f3n de Organizaciones Sociales del Ministerio Secretar\u00eda General de Gobierno, tambi\u00e9n se realiz\u00f3 una capacitaci\u00f3n de \u201cHerramientas de Liderazgo Comunitario\u201d, liderado por la vocera Valentina Pradenas.<\/p>\n<p style=\"text-align: justify;\">\u201cTerminamos el mes de la Dirigencia Social reconociendo a quienes transforman nuestras comunidades desde la base: los dirigentes y las dirigentas. Es fundamental reflexionar y valorar el esfuerzo de aquellos y aquellas que cumplen este rol crucial, que, como bien sabemos, no siempre est\u00e1 remunerado. Hoy, junto a la Divisi\u00f3n de Organizaciones Sociales, hemos llevado a cabo una capacitaci\u00f3n con la participaci\u00f3n de representantes de las 21 comunas de \u00d1uble. El gobierno del Presidente Boric agradece profundamente la labor comunitaria que realizan d\u00eda a d\u00eda, una labor que es clave para democratizar los espacios p\u00fablicos y fomentar la participaci\u00f3n de la sociedad civil en la toma de decisiones,\u201d expres\u00f3 la Seremi de Gobierno, Valentina Pradenas.<\/p>\n<p style=\"text-align: justify;\">Sobre esta misma \u00e1rea y con el prop\u00f3sito de avanzar en la participaci\u00f3n de la sociedad civil, el Gobierno present\u00f3 en junio del presente a\u00f1o, el informe final del Proceso Participativo para modernizar la Ley 20.500, con el prop\u00f3sito de fortalecer y avanzar en las bases para la participaci\u00f3n ciudadana y la transparencia en la gesti\u00f3n p\u00fablica, regulando los mecanismos para la participaci\u00f3n de los ciudadanos en los procesos de planificaci\u00f3n y ejecuci\u00f3n de pol\u00edticas p\u00fablicas y en la fiscalizaci\u00f3n.<\/p>\n<p style=\"text-align: justify;\">Paulina Castro Correa pertenece a la agrupaci\u00f3n \u201cAbrazar la vida por un d\u00eda m\u00e1s\u201d, de pacientes oncol\u00f3gicos del Hospital Herminda Martin de Chill\u00e1n y tambi\u00e9n estuvo presente en la conmemoraci\u00f3n y capacitaci\u00f3n de Segegob \u00d1uble: \u201cLa motivaci\u00f3n para ser una lideresa comunitaria viene desde peque\u00f1a, mis padres fueron dirigentes y siempre me formaron para representar y entender necesidades de vecinos, de mi curso, de mi carrera, etc. La motivaci\u00f3n a que uno tenga avance y trabajos colectivos, permite que uno tenga la energ\u00eda de levantarnos, escucharnos y resolver entre todos\u201d, asegur\u00f3.<\/p>\n<p style=\"text-align: justify;\">La actividad culmine del mes de la Dirigencia Social en \u00d1uble, tuvo lugar en dependencias del Teatro Municipal de Chill\u00e1n, con m\u00e1s de 130 dirigentas y dirigentes, siendo un hito que releva su labor en la sociedad.<\/p>\n<p>&nbsp;<\/p>\n<p><img loading=\"lazy\" decoding=\"async\" class=\"alignnone wp-image-31738 size-full\" src=\"https:\/\/www.yungayino.cl\/noticias\/wp-content\/uploads\/2024\/09\/Foto-3-CP.jpg\" alt=\"\" width=\"700\" height=\"467\" srcset=\"https:\/\/www.yungayino.cl\/noticias\/wp-content\/uploads\/2024\/09\/Foto-3-CP.jpg 700w, https:\/\/www.yungayino.cl\/noticias\/wp-content\/uploads\/2024\/09\/Foto-3-CP-300x200.jpg 300w\" sizes=\"auto, (max-width: 700px) 100vw, 700px\" \/><\/p>\n","protected":false},"excerpt":{"rendered":"<p>\u00d1uble, septiembre 2024: La actividad se enmarc\u00f3 en la conmemoraci\u00f3n del cierre del Mes de la Dirigencia Social, el que involucr\u00f3 distintas actividades como capacitaciones, charlas, entre otros. Con el objetivo de realizar un&#46;&#46;&#46;<\/p>\n","protected":false},"author":2,"featured_media":31737,"comment_status":"closed","ping_status":"closed","sticky":false,"template":"","format":"standard","meta":{"footnotes":""},"categories":[1,2567],"tags":[3266,1115,1678,2787,8,6,117],"class_list":["post-31736","post","type-post","status-publish","format-standard","has-post-thumbnail","hentry","category-noticias","category-social","tag-dirigentes-sociales","tag-noticias","tag-nuble","tag-segegob","tag-yungay","tag-yungayino","tag-yungayinocl"],"_links":{"self":[{"href":"https:\/\/www.yungayino.cl\/noticias\/index.php?rest_route=\/wp\/v2\/posts\/31736","targetHints":{"allow":["GET"]}}],"collection":[{"href":"https:\/\/www.yungayino.cl\/noticias\/index.php?rest_route=\/wp\/v2\/posts"}],"about":[{"href":"https:\/\/www.yungayino.cl\/noticias\/index.php?rest_route=\/wp\/v2\/types\/post"}],"author":[{"embeddable":true,"href":"https:\/\/www.yungayino.cl\/noticias\/index.php?rest_route=\/wp\/v2\/users\/2"}],"replies":[{"embeddable":true,"href":"https:\/\/www.yungayino.cl\/noticias\/index.php?rest_route=%2Fwp%2Fv2%2Fcomments&post=31736"}],"version-history":[{"count":1,"href":"https:\/\/www.yungayino.cl\/noticias\/index.php?rest_route=\/wp\/v2\/posts\/31736\/revisions"}],"predecessor-version":[{"id":31739,"href":"https:\/\/www.yungayino.cl\/noticias\/index.php?rest_route=\/wp\/v2\/posts\/31736\/revisions\/31739"}],"wp:featuredmedia":[{"embeddable":true,"href":"https:\/\/www.yungayino.cl\/noticias\/index.php?rest_route=\/wp\/v2\/media\/31737"}],"wp:attachment":[{"href":"https:\/\/www.yungayino.cl\/noticias\/index.php?rest_route=%2Fwp%2Fv2%2Fmedia&parent=31736"}],"wp:term":[{"taxonomy":"category","embeddable":true,"href":"https:\/\/www.yungayino.cl\/noticias\/index.php?rest_route=%2Fwp%2Fv2%2Fcategories&post=31736"},{"taxonomy":"post_tag","embeddable":true,"href":"https:\/\/www.yungayino.cl\/noticias\/index.php?rest_route=%2Fwp%2Fv2%2Ftags&post=31736"}],"curies":[{"name":"wp","href":"https:\/\/api.w.org\/{rel}","templated":true}]}}