{"id":31760,"date":"2024-09-04T01:00:23","date_gmt":"2024-09-04T04:00:23","guid":{"rendered":"https:\/\/www.yungayino.cl\/noticias\/?p=31760"},"modified":"2024-09-03T17:09:50","modified_gmt":"2024-09-03T20:09:50","slug":"campeonato-comunal-de-cueca-escolar","status":"publish","type":"post","link":"https:\/\/www.yungayino.cl\/noticias\/?p=31760","title":{"rendered":"Campeonato Comunal De Cueca Escolar"},"content":{"rendered":"<p><img loading=\"lazy\" decoding=\"async\" class=\"alignnone wp-image-31764 size-full\" src=\"https:\/\/www.yungayino.cl\/noticias\/wp-content\/uploads\/2024\/09\/4-septiembre-comunal-cueca-1.jpg\" alt=\"\" width=\"700\" height=\"700\" srcset=\"https:\/\/www.yungayino.cl\/noticias\/wp-content\/uploads\/2024\/09\/4-septiembre-comunal-cueca-1.jpg 700w, https:\/\/www.yungayino.cl\/noticias\/wp-content\/uploads\/2024\/09\/4-septiembre-comunal-cueca-1-300x300.jpg 300w, https:\/\/www.yungayino.cl\/noticias\/wp-content\/uploads\/2024\/09\/4-septiembre-comunal-cueca-1-150x150.jpg 150w, https:\/\/www.yungayino.cl\/noticias\/wp-content\/uploads\/2024\/09\/4-septiembre-comunal-cueca-1-80x80.jpg 80w, https:\/\/www.yungayino.cl\/noticias\/wp-content\/uploads\/2024\/09\/4-septiembre-comunal-cueca-1-320x320.jpg 320w\" sizes=\"auto, (max-width: 700px) 100vw, 700px\" \/><\/p>\n<p style=\"text-align: justify;\">Yungay, septiembre 2024: La Escuela Fernando Baquedano se enorgullece de anunciar que, en colaboraci\u00f3n con la Municipalidad de Yungay, estar\u00e1 organizando el Campeonato Comunal de Cueca Escolar.<\/p>\n<p style=\"text-align: justify;\">Esta actividad se llevar\u00e1 a cabo el mi\u00e9rcoles 4 de septiembre a partir de las 14:00 en el Sal\u00f3n Multiuso.<\/p>\n<p style=\"text-align: justify;\">En este evento, los j\u00f3venes talentos de nuestra comunidad mostrar\u00e1n sus habilidades en el baile nacional.<\/p>\n","protected":false},"excerpt":{"rendered":"<p>Yungay, septiembre 2024: La Escuela Fernando Baquedano se enorgullece de anunciar que, en colaboraci\u00f3n con la Municipalidad de Yungay, estar\u00e1 organizando el Campeonato Comunal de Cueca Escolar. Esta actividad se llevar\u00e1 a cabo el&#46;&#46;&#46;<\/p>\n","protected":false},"author":2,"featured_media":31762,"comment_status":"closed","ping_status":"closed","sticky":false,"template":"","format":"standard","meta":{"footnotes":""},"categories":[1],"tags":[2707,67,1115,8,6,117],"class_list":["post-31760","post","type-post","status-publish","format-standard","has-post-thumbnail","hentry","category-noticias","tag-campeonato","tag-cueca","tag-noticias","tag-yungay","tag-yungayino","tag-yungayinocl"],"_links":{"self":[{"href":"https:\/\/www.yungayino.cl\/noticias\/index.php?rest_route=\/wp\/v2\/posts\/31760","targetHints":{"allow":["GET"]}}],"collection":[{"href":"https:\/\/www.yungayino.cl\/noticias\/index.php?rest_route=\/wp\/v2\/posts"}],"about":[{"href":"https:\/\/www.yungayino.cl\/noticias\/index.php?rest_route=\/wp\/v2\/types\/post"}],"author":[{"embeddable":true,"href":"https:\/\/www.yungayino.cl\/noticias\/index.php?rest_route=\/wp\/v2\/users\/2"}],"replies":[{"embeddable":true,"href":"https:\/\/www.yungayino.cl\/noticias\/index.php?rest_route=%2Fwp%2Fv2%2Fcomments&post=31760"}],"version-history":[{"count":1,"href":"https:\/\/www.yungayino.cl\/noticias\/index.php?rest_route=\/wp\/v2\/posts\/31760\/revisions"}],"predecessor-version":[{"id":31765,"href":"https:\/\/www.yungayino.cl\/noticias\/index.php?rest_route=\/wp\/v2\/posts\/31760\/revisions\/31765"}],"wp:featuredmedia":[{"embeddable":true,"href":"https:\/\/www.yungayino.cl\/noticias\/index.php?rest_route=\/wp\/v2\/media\/31762"}],"wp:attachment":[{"href":"https:\/\/www.yungayino.cl\/noticias\/index.php?rest_route=%2Fwp%2Fv2%2Fmedia&parent=31760"}],"wp:term":[{"taxonomy":"category","embeddable":true,"href":"https:\/\/www.yungayino.cl\/noticias\/index.php?rest_route=%2Fwp%2Fv2%2Fcategories&post=31760"},{"taxonomy":"post_tag","embeddable":true,"href":"https:\/\/www.yungayino.cl\/noticias\/index.php?rest_route=%2Fwp%2Fv2%2Ftags&post=31760"}],"curies":[{"name":"wp","href":"https:\/\/api.w.org\/{rel}","templated":true}]}}