{"id":31807,"date":"2024-09-09T08:00:46","date_gmt":"2024-09-09T11:00:46","guid":{"rendered":"https:\/\/www.yungayino.cl\/noticias\/?p=31807"},"modified":"2024-09-08T16:13:30","modified_gmt":"2024-09-08T19:13:30","slug":"alcalde-firma-importante-convenio-de-mejoramiento-de-cocina-y-comedor-en-el-liceo-de-campanario-y-escuela-los-mayos","status":"publish","type":"post","link":"https:\/\/www.yungayino.cl\/noticias\/?p=31807","title":{"rendered":"Alcalde Firma Importante Convenio de Mejoramiento de Cocina y Comedor en el Liceo de Campanario y Escuela Los Mayos"},"content":{"rendered":"<p><img loading=\"lazy\" decoding=\"async\" class=\"alignnone wp-image-31809 size-full\" src=\"https:\/\/www.yungayino.cl\/noticias\/wp-content\/uploads\/2024\/09\/recursos-2.jpg\" alt=\"\" width=\"700\" height=\"400\" srcset=\"https:\/\/www.yungayino.cl\/noticias\/wp-content\/uploads\/2024\/09\/recursos-2.jpg 700w, https:\/\/www.yungayino.cl\/noticias\/wp-content\/uploads\/2024\/09\/recursos-2-300x171.jpg 300w\" sizes=\"auto, (max-width: 700px) 100vw, 700px\" \/><\/p>\n<p style=\"text-align: justify;\">Yungay, septiembre: El alcalde Rafael Cifuentes Rodr\u00edguez junto al Gobernador Regional de \u00d1uble, Oscar Cris\u00f3stomo firmaron un importante convenio de transferencia de Recursos para la ejecuci\u00f3n del proyecto \u00abMejoramiento de Cocina y Comedor en el Liceo de Campanario y Escuela Los Mayos\u00bb.<\/p>\n<p style=\"text-align: justify;\">La iniciativa financiada a trav\u00e9s del Fondo Nacional de Desarrollo Regional por un monto M$155.999, mejorar\u00e1 considerablemente las cocinas y comedor de ambos establecimientos favoreciendo el bienestar de los y las estudiantes.<\/p>\n<p style=\"text-align: justify;\">\u00abMuchas gracias al Gobernador y a la directora Regional de Junaeb, gracias a estos recursos mejoraremos el \u00e1rea de alimentaci\u00f3n de los j\u00f3venes y a la vez, el espacio de trabajo de las manipuladoras de alimentos. Continuaremos gestionando recursos para favorecer la vida<\/p>\n","protected":false},"excerpt":{"rendered":"<p>Yungay, septiembre: El alcalde Rafael Cifuentes Rodr\u00edguez junto al Gobernador Regional de \u00d1uble, Oscar Cris\u00f3stomo firmaron un importante convenio de transferencia de Recursos para la ejecuci\u00f3n del proyecto \u00abMejoramiento de Cocina y Comedor en&#46;&#46;&#46;<\/p>\n","protected":false},"author":2,"featured_media":31808,"comment_status":"closed","ping_status":"closed","sticky":false,"template":"","format":"standard","meta":{"footnotes":""},"categories":[1493,2571,1],"tags":[366,1671,89,622,1115,8,6,117],"class_list":["post-31807","post","type-post","status-publish","format-standard","has-post-thumbnail","hentry","category-educacion","category-educacion-2","category-noticias","tag-educacion","tag-escuela","tag-liceo-yungay","tag-los-mayos","tag-noticias","tag-yungay","tag-yungayino","tag-yungayinocl"],"_links":{"self":[{"href":"https:\/\/www.yungayino.cl\/noticias\/index.php?rest_route=\/wp\/v2\/posts\/31807","targetHints":{"allow":["GET"]}}],"collection":[{"href":"https:\/\/www.yungayino.cl\/noticias\/index.php?rest_route=\/wp\/v2\/posts"}],"about":[{"href":"https:\/\/www.yungayino.cl\/noticias\/index.php?rest_route=\/wp\/v2\/types\/post"}],"author":[{"embeddable":true,"href":"https:\/\/www.yungayino.cl\/noticias\/index.php?rest_route=\/wp\/v2\/users\/2"}],"replies":[{"embeddable":true,"href":"https:\/\/www.yungayino.cl\/noticias\/index.php?rest_route=%2Fwp%2Fv2%2Fcomments&post=31807"}],"version-history":[{"count":1,"href":"https:\/\/www.yungayino.cl\/noticias\/index.php?rest_route=\/wp\/v2\/posts\/31807\/revisions"}],"predecessor-version":[{"id":31810,"href":"https:\/\/www.yungayino.cl\/noticias\/index.php?rest_route=\/wp\/v2\/posts\/31807\/revisions\/31810"}],"wp:featuredmedia":[{"embeddable":true,"href":"https:\/\/www.yungayino.cl\/noticias\/index.php?rest_route=\/wp\/v2\/media\/31808"}],"wp:attachment":[{"href":"https:\/\/www.yungayino.cl\/noticias\/index.php?rest_route=%2Fwp%2Fv2%2Fmedia&parent=31807"}],"wp:term":[{"taxonomy":"category","embeddable":true,"href":"https:\/\/www.yungayino.cl\/noticias\/index.php?rest_route=%2Fwp%2Fv2%2Fcategories&post=31807"},{"taxonomy":"post_tag","embeddable":true,"href":"https:\/\/www.yungayino.cl\/noticias\/index.php?rest_route=%2Fwp%2Fv2%2Ftags&post=31807"}],"curies":[{"name":"wp","href":"https:\/\/api.w.org\/{rel}","templated":true}]}}