{"id":31825,"date":"2024-09-16T07:00:21","date_gmt":"2024-09-16T10:00:21","guid":{"rendered":"https:\/\/www.yungayino.cl\/noticias\/?p=31825"},"modified":"2024-09-08T16:22:53","modified_gmt":"2024-09-08T19:22:53","slug":"mujeres-con-energia-de-frontel-premio-a-emprendedora-de-nuble","status":"publish","type":"post","link":"https:\/\/www.yungayino.cl\/noticias\/?p=31825","title":{"rendered":"\u201cMujeres con Energ\u00eda\u201d de Frontel Premi\u00f3 a Emprendedora de \u00d1uble"},"content":{"rendered":"<p><img loading=\"lazy\" decoding=\"async\" class=\"alignnone wp-image-31826 size-full\" src=\"https:\/\/www.yungayino.cl\/noticias\/wp-content\/uploads\/2024\/09\/Emprendedora-Nuble1.jpg\" alt=\"\" width=\"700\" height=\"350\" srcset=\"https:\/\/www.yungayino.cl\/noticias\/wp-content\/uploads\/2024\/09\/Emprendedora-Nuble1.jpg 700w, https:\/\/www.yungayino.cl\/noticias\/wp-content\/uploads\/2024\/09\/Emprendedora-Nuble1-300x150.jpg 300w\" sizes=\"auto, (max-width: 700px) 100vw, 700px\" \/><\/p>\n<p style=\"text-align: justify;\">\u00d1uble, septiembre 2024: Tras cinco semanas de capacitaci\u00f3n culmin\u00f3 la sexta versi\u00f3n del programa \u201cMujeres con Energ\u00eda\u201d en la que participaron m\u00e1s de 400 emprendedoras del sur del pa\u00eds. De esas alumnas, Grupo Saesa premi\u00f3 a 64 que obtuvieron mejores calificaciones, en 2 categor\u00edas: $1 mill\u00f3n de pesos a emprendedoras formalizadas; y $500.000 pesos para las que cuentan con iniciaci\u00f3n de actividades, pero con proyecci\u00f3n a formalizar.<\/p>\n<p style=\"text-align: justify;\">En Frontel, una de las ganadoras fue la emprendedora de Pemuco Cassandra Bello, quien confecciona macetas de yeso con venta de plantas, quien dijo \u201cestoy muy contenta ya que este dinero me va a servir para comprar nuevos moldes para macetas y concretar nuevas ideas que me gustar\u00eda hacer. Adem\u00e1s, me sirvi\u00f3 much\u00edsimo la capacitaci\u00f3n, aprend\u00ed cosas que no sab\u00eda y lo m\u00e1s importante es que me empoder\u00f3, lo que valoro enormemente. Me gustar\u00eda decirles a las mujeres que con esfuerzo y trabajo siempre se puede\u201d. La emprendedora cuenta con puntos de venta en Yungay y Pemuco, pero de igual forma vende en otras comunas con servicio de delivery por lo que la pueden contactar en su cuenta de Instagram @macetasbl o en Facebook C Vale Bello.<\/p>\n<p style=\"text-align: justify;\">En la entrega del premio estuvo el jefe de zona de Frontel en Yungay, Jos\u00e9 M\u00e9ndez, quien se\u00f1al\u00f3 que \u201ccomo Frontel estamos muy orgullosos de la acogida que tuvo entre las clientas esta nueva edici\u00f3n de nuestro programa en la regi\u00f3n. La academia es una oportunidad que busca impactar positivamente en sus emprendimientos, empoderarlas y brindarles herramientas que sean de utilidad para las mujeres del sur del pa\u00eds. As\u00ed transformamos y mejoramos vidas para clientas, familias y comunidades\u201d. A trav\u00e9s del reconocimiento y la capacitaci\u00f3n \u201cMujeres con Energ\u00eda\u201d busca ser un aporte para aquellas mujeres empresarias y trabajadoras de todas las edades -desde \u00d1uble hasta Ays\u00e9n. Al finalizar esta nueva versi\u00f3n de la academia, el programa de Grupo Saesa ya ha apoyado a m\u00e1s de 900 emprendedoras pertenecientes a las comunidades de los territorios en los que opera con clases virtuales, en coordinaci\u00f3n con el Centro de Negocios Puerto Varas de Sercotec y el Instituto Profesional AIEP.<\/p>\n<p>&nbsp;<\/p>\n<p><img loading=\"lazy\" decoding=\"async\" class=\"alignnone wp-image-31827 size-full\" src=\"https:\/\/www.yungayino.cl\/noticias\/wp-content\/uploads\/2024\/09\/Emprendedora-Nuble3.jpg\" alt=\"\" width=\"700\" height=\"525\" srcset=\"https:\/\/www.yungayino.cl\/noticias\/wp-content\/uploads\/2024\/09\/Emprendedora-Nuble3.jpg 700w, https:\/\/www.yungayino.cl\/noticias\/wp-content\/uploads\/2024\/09\/Emprendedora-Nuble3-300x225.jpg 300w\" sizes=\"auto, (max-width: 700px) 100vw, 700px\" \/><\/p>\n","protected":false},"excerpt":{"rendered":"<p>\u00d1uble, septiembre 2024: Tras cinco semanas de capacitaci\u00f3n culmin\u00f3 la sexta versi\u00f3n del programa \u201cMujeres con Energ\u00eda\u201d en la que participaron m\u00e1s de 400 emprendedoras del sur del pa\u00eds. De esas alumnas, Grupo Saesa&#46;&#46;&#46;<\/p>\n","protected":false},"author":2,"featured_media":31826,"comment_status":"closed","ping_status":"closed","sticky":false,"template":"","format":"standard","meta":{"footnotes":""},"categories":[1],"tags":[1094,1115,30,1573,8,6,117],"class_list":["post-31825","post","type-post","status-publish","format-standard","has-post-thumbnail","hentry","category-noticias","tag-frontel","tag-noticias","tag-pemuco","tag-saesa","tag-yungay","tag-yungayino","tag-yungayinocl"],"_links":{"self":[{"href":"https:\/\/www.yungayino.cl\/noticias\/index.php?rest_route=\/wp\/v2\/posts\/31825","targetHints":{"allow":["GET"]}}],"collection":[{"href":"https:\/\/www.yungayino.cl\/noticias\/index.php?rest_route=\/wp\/v2\/posts"}],"about":[{"href":"https:\/\/www.yungayino.cl\/noticias\/index.php?rest_route=\/wp\/v2\/types\/post"}],"author":[{"embeddable":true,"href":"https:\/\/www.yungayino.cl\/noticias\/index.php?rest_route=\/wp\/v2\/users\/2"}],"replies":[{"embeddable":true,"href":"https:\/\/www.yungayino.cl\/noticias\/index.php?rest_route=%2Fwp%2Fv2%2Fcomments&post=31825"}],"version-history":[{"count":2,"href":"https:\/\/www.yungayino.cl\/noticias\/index.php?rest_route=\/wp\/v2\/posts\/31825\/revisions"}],"predecessor-version":[{"id":31829,"href":"https:\/\/www.yungayino.cl\/noticias\/index.php?rest_route=\/wp\/v2\/posts\/31825\/revisions\/31829"}],"wp:featuredmedia":[{"embeddable":true,"href":"https:\/\/www.yungayino.cl\/noticias\/index.php?rest_route=\/wp\/v2\/media\/31826"}],"wp:attachment":[{"href":"https:\/\/www.yungayino.cl\/noticias\/index.php?rest_route=%2Fwp%2Fv2%2Fmedia&parent=31825"}],"wp:term":[{"taxonomy":"category","embeddable":true,"href":"https:\/\/www.yungayino.cl\/noticias\/index.php?rest_route=%2Fwp%2Fv2%2Fcategories&post=31825"},{"taxonomy":"post_tag","embeddable":true,"href":"https:\/\/www.yungayino.cl\/noticias\/index.php?rest_route=%2Fwp%2Fv2%2Ftags&post=31825"}],"curies":[{"name":"wp","href":"https:\/\/api.w.org\/{rel}","templated":true}]}}