{"id":31841,"date":"2024-09-11T12:00:33","date_gmt":"2024-09-11T15:00:33","guid":{"rendered":"https:\/\/www.yungayino.cl\/noticias\/?p=31841"},"modified":"2024-09-11T13:40:01","modified_gmt":"2024-09-11T16:40:01","slug":"inician-obras-de-construccion-de-viviendas-de-villa-jardin-egana-un-sueno-cumplido-para-248-familias-de-yungay","status":"publish","type":"post","link":"https:\/\/www.yungayino.cl\/noticias\/?p=31841","title":{"rendered":"Inician Obras de Construcci\u00f3n de Viviendas de Villa Jard\u00edn Ega\u00f1a: Un Sue\u00f1o Cumplido Para 248 Familias de Yungay"},"content":{"rendered":"<p><img loading=\"lazy\" decoding=\"async\" class=\"alignnone wp-image-31843 size-full\" src=\"https:\/\/www.yungayino.cl\/noticias\/wp-content\/uploads\/2024\/09\/portada-interior.jpg\" alt=\"\" width=\"700\" height=\"467\" srcset=\"https:\/\/www.yungayino.cl\/noticias\/wp-content\/uploads\/2024\/09\/portada-interior.jpg 700w, https:\/\/www.yungayino.cl\/noticias\/wp-content\/uploads\/2024\/09\/portada-interior-300x200.jpg 300w\" sizes=\"auto, (max-width: 700px) 100vw, 700px\" \/><\/p>\n<p style=\"text-align: justify;\">Yungay, septiembre 2024: Durante la tarde de este martes se llev\u00f3 a cabo el hito de la primera piedra del proyecto habitacional Villa Jard\u00edn Ega\u00f1a, que concretar\u00e1 el anhelado sue\u00f1o de la casa propia para 248 familias de Yungay. La ceremonia, cargada de emociones, cont\u00f3 con la presencia de autoridades regionales y locales, y marc\u00f3 el inicio de una nueva etapa para estas familias.<\/p>\n<p style=\"text-align: justify;\">El camino hacia la concreci\u00f3n de este proyecto comenz\u00f3 en julio de 2022, cuando las 248 familias recibieron su subsidio habitacional. La adquisici\u00f3n del terreno para la construcci\u00f3n de las viviendas se logr\u00f3 gracias al compromiso del Gobierno Regional, materializ\u00e1ndose finalmente en 2023.<\/p>\n<p style=\"text-align: justify;\">Yesenia Hern\u00e1ndez, presidenta del comit\u00e9 Villa Jard\u00edn Ega\u00f1a, expres\u00f3 su alegr\u00eda durante la ceremonia: \u201cEstoy tremendamente orgullosa y agradecida por el esfuerzo de nuestros vecinos y por la incansable gesti\u00f3n de nuestras autoridades que nos han apoyado en este largo camino. Muchas gracias por esta felicidad de ver concretado nuestro sue\u00f1o de la casa propia\u201d.<\/p>\n<p style=\"text-align: justify;\">El alcalde de Yungay, Rafael Cifuentes Rodr\u00edguez, destac\u00f3 la importancia de este proyecto para la comunidad y la dedicaci\u00f3n de todos los involucrados: \u201cEste es un sue\u00f1o cumplido para 248 familias de Yungay. No ha sido un proceso f\u00e1cil, pero con perseverancia, compromiso y mucho trabajo, hoy podemos ver c\u00f3mo comienza a materializarse el anhelo de cada familia que ha esperado tanto tiempo por este momento\u201d.<\/p>\n<p style=\"text-align: justify;\">En la ceremonia estuvo presente el Gobernador Regional, \u00d3scar Cris\u00f3stomo Llanos, el Seremi de vivienda, Antonio Marchant Mass, el director regional de Serviu \u00d1uble, Roberto Grand\u00f3n y el Concejo Municipal en pleno.<\/p>\n<p>&nbsp;<\/p>\n<p>&nbsp;<\/p>\n<p style=\"text-align: center;\"><strong>FOTOGRAF\u00cdAS:<\/strong><\/p>\n<p style=\"text-align: center;\"><iframe loading=\"lazy\" style=\"border: none; overflow: hidden;\" src=\"https:\/\/www.facebook.com\/plugins\/post.php?href=https%3A%2F%2Fwww.facebook.com%2Fyungayino.cl%2Fposts%2Fpfbid05dD1FdPPfVazamSqfq37dgP8PWJCbVFcpvLPSzby11fyScbUSwv5KizDg6xcLVTbl&amp;show_text=true&amp;width=500\" width=\"500\" height=\"829\" frameborder=\"0\" scrolling=\"no\" allowfullscreen=\"allowfullscreen\"><\/iframe><\/p>\n","protected":false},"excerpt":{"rendered":"<p>Yungay, septiembre 2024: Durante la tarde de este martes se llev\u00f3 a cabo el hito de la primera piedra del proyecto habitacional Villa Jard\u00edn Ega\u00f1a, que concretar\u00e1 el anhelado sue\u00f1o de la casa propia&#46;&#46;&#46;<\/p>\n","protected":false},"author":2,"featured_media":31842,"comment_status":"closed","ping_status":"closed","sticky":false,"template":"","format":"standard","meta":{"footnotes":""},"categories":[1],"tags":[3275,1115,1678,1528,1726,8,6,117],"class_list":["post-31841","post","type-post","status-publish","format-standard","has-post-thumbnail","hentry","category-noticias","tag-jardin-egana","tag-noticias","tag-nuble","tag-seremi","tag-viviendas","tag-yungay","tag-yungayino","tag-yungayinocl"],"_links":{"self":[{"href":"https:\/\/www.yungayino.cl\/noticias\/index.php?rest_route=\/wp\/v2\/posts\/31841","targetHints":{"allow":["GET"]}}],"collection":[{"href":"https:\/\/www.yungayino.cl\/noticias\/index.php?rest_route=\/wp\/v2\/posts"}],"about":[{"href":"https:\/\/www.yungayino.cl\/noticias\/index.php?rest_route=\/wp\/v2\/types\/post"}],"author":[{"embeddable":true,"href":"https:\/\/www.yungayino.cl\/noticias\/index.php?rest_route=\/wp\/v2\/users\/2"}],"replies":[{"embeddable":true,"href":"https:\/\/www.yungayino.cl\/noticias\/index.php?rest_route=%2Fwp%2Fv2%2Fcomments&post=31841"}],"version-history":[{"count":2,"href":"https:\/\/www.yungayino.cl\/noticias\/index.php?rest_route=\/wp\/v2\/posts\/31841\/revisions"}],"predecessor-version":[{"id":31845,"href":"https:\/\/www.yungayino.cl\/noticias\/index.php?rest_route=\/wp\/v2\/posts\/31841\/revisions\/31845"}],"wp:featuredmedia":[{"embeddable":true,"href":"https:\/\/www.yungayino.cl\/noticias\/index.php?rest_route=\/wp\/v2\/media\/31842"}],"wp:attachment":[{"href":"https:\/\/www.yungayino.cl\/noticias\/index.php?rest_route=%2Fwp%2Fv2%2Fmedia&parent=31841"}],"wp:term":[{"taxonomy":"category","embeddable":true,"href":"https:\/\/www.yungayino.cl\/noticias\/index.php?rest_route=%2Fwp%2Fv2%2Fcategories&post=31841"},{"taxonomy":"post_tag","embeddable":true,"href":"https:\/\/www.yungayino.cl\/noticias\/index.php?rest_route=%2Fwp%2Fv2%2Ftags&post=31841"}],"curies":[{"name":"wp","href":"https:\/\/api.w.org\/{rel}","templated":true}]}}