{"id":31863,"date":"2024-09-16T16:00:19","date_gmt":"2024-09-16T19:00:19","guid":{"rendered":"https:\/\/www.yungayino.cl\/noticias\/?p=31863"},"modified":"2024-09-16T16:29:42","modified_gmt":"2024-09-16T19:29:42","slug":"jjvv-la-cabana-se-adjudica-fondo-de-fortalecimiento-a-organizaciones-de-interes-publico","status":"publish","type":"post","link":"https:\/\/www.yungayino.cl\/noticias\/?p=31863","title":{"rendered":"JJVV La Caba\u00f1a Se Adjudica Fondo de Fortalecimiento a Organizaciones de Inter\u00e9s P\u00fablico"},"content":{"rendered":"<p><img loading=\"lazy\" decoding=\"async\" class=\"alignnone wp-image-31864 size-full\" src=\"https:\/\/www.yungayino.cl\/noticias\/wp-content\/uploads\/2024\/09\/1-2.jpg\" alt=\"\" width=\"700\" height=\"350\" srcset=\"https:\/\/www.yungayino.cl\/noticias\/wp-content\/uploads\/2024\/09\/1-2.jpg 700w, https:\/\/www.yungayino.cl\/noticias\/wp-content\/uploads\/2024\/09\/1-2-300x150.jpg 300w\" sizes=\"auto, (max-width: 700px) 100vw, 700px\" \/><\/p>\n<p style=\"text-align: justify;\">Yungay, septiembre 2024: En el sector la Caba\u00f1a el Alcalde Rafael Cifuentes junto a la Seremi de Gobierno Valentina Pradenas Andrade y su equipo participaron del inicio del proyecto FFOIP \u201cRaices Creativas: Taller de \u00c1rbol de la Vida y Porcelana en Fr\u00edo\u00bb.<\/p>\n<p style=\"text-align: justify;\">Esta iniciativa financiada por el Ministerio Secretar\u00eda General de Gobierno permitir\u00e1 capacitar a 15 beneficiarias de la junta de vecinos, quienes aprender\u00e1n a trabajar diversas t\u00e9cnicas en porcelana fr\u00eda.<\/p>\n","protected":false},"excerpt":{"rendered":"<p>Yungay, septiembre 2024: En el sector la Caba\u00f1a el Alcalde Rafael Cifuentes junto a la Seremi de Gobierno Valentina Pradenas Andrade y su equipo participaron del inicio del proyecto FFOIP \u201cRaices Creativas: Taller de&#46;&#46;&#46;<\/p>\n","protected":false},"author":2,"featured_media":31864,"comment_status":"closed","ping_status":"closed","sticky":false,"template":"","format":"standard","meta":{"footnotes":""},"categories":[1],"tags":[1418,1115,8,6,117],"class_list":["post-31863","post","type-post","status-publish","format-standard","has-post-thumbnail","hentry","category-noticias","tag-la-cabana","tag-noticias","tag-yungay","tag-yungayino","tag-yungayinocl"],"_links":{"self":[{"href":"https:\/\/www.yungayino.cl\/noticias\/index.php?rest_route=\/wp\/v2\/posts\/31863","targetHints":{"allow":["GET"]}}],"collection":[{"href":"https:\/\/www.yungayino.cl\/noticias\/index.php?rest_route=\/wp\/v2\/posts"}],"about":[{"href":"https:\/\/www.yungayino.cl\/noticias\/index.php?rest_route=\/wp\/v2\/types\/post"}],"author":[{"embeddable":true,"href":"https:\/\/www.yungayino.cl\/noticias\/index.php?rest_route=\/wp\/v2\/users\/2"}],"replies":[{"embeddable":true,"href":"https:\/\/www.yungayino.cl\/noticias\/index.php?rest_route=%2Fwp%2Fv2%2Fcomments&post=31863"}],"version-history":[{"count":1,"href":"https:\/\/www.yungayino.cl\/noticias\/index.php?rest_route=\/wp\/v2\/posts\/31863\/revisions"}],"predecessor-version":[{"id":31865,"href":"https:\/\/www.yungayino.cl\/noticias\/index.php?rest_route=\/wp\/v2\/posts\/31863\/revisions\/31865"}],"wp:featuredmedia":[{"embeddable":true,"href":"https:\/\/www.yungayino.cl\/noticias\/index.php?rest_route=\/wp\/v2\/media\/31864"}],"wp:attachment":[{"href":"https:\/\/www.yungayino.cl\/noticias\/index.php?rest_route=%2Fwp%2Fv2%2Fmedia&parent=31863"}],"wp:term":[{"taxonomy":"category","embeddable":true,"href":"https:\/\/www.yungayino.cl\/noticias\/index.php?rest_route=%2Fwp%2Fv2%2Fcategories&post=31863"},{"taxonomy":"post_tag","embeddable":true,"href":"https:\/\/www.yungayino.cl\/noticias\/index.php?rest_route=%2Fwp%2Fv2%2Ftags&post=31863"}],"curies":[{"name":"wp","href":"https:\/\/api.w.org\/{rel}","templated":true}]}}