{"id":31874,"date":"2024-09-17T23:00:35","date_gmt":"2024-09-18T02:00:35","guid":{"rendered":"https:\/\/www.yungayino.cl\/noticias\/?p=31874"},"modified":"2024-09-20T15:44:25","modified_gmt":"2024-09-20T18:44:25","slug":"inauguracion-ramadas-de-fiestas-patrias","status":"publish","type":"post","link":"https:\/\/www.yungayino.cl\/noticias\/?p=31874","title":{"rendered":"Inauguraci\u00f3n Ramadas de Fiestas Patrias"},"content":{"rendered":"<p><img loading=\"lazy\" decoding=\"async\" class=\"alignnone wp-image-31878 size-full\" src=\"https:\/\/www.yungayino.cl\/noticias\/wp-content\/uploads\/2024\/09\/inauguracion-fondas-2.jpg\" alt=\"\" width=\"700\" height=\"350\" srcset=\"https:\/\/www.yungayino.cl\/noticias\/wp-content\/uploads\/2024\/09\/inauguracion-fondas-2.jpg 700w, https:\/\/www.yungayino.cl\/noticias\/wp-content\/uploads\/2024\/09\/inauguracion-fondas-2-300x150.jpg 300w\" sizes=\"auto, (max-width: 700px) 100vw, 700px\" \/><\/p>\n<p style=\"text-align: justify;\">Yungay, septiembre 2024: El d\u00eda martes 17 se dio inicio oficial a las celebraciones de fiestas patrias con la inauguraci\u00f3n de las ramadas en Ranchillos Bajo, Campanario y Yungay.<\/p>\n<p style=\"text-align: justify;\">Al son de <strong>\u201cCantares de Yungay\u201d<\/strong>, los asistentes tuvieron la oportunidad de compartir, recorriendo cada ramada, cociner\u00eda, chicher\u00eda y puestos de entretenci\u00f3n que forman parte de esta gran fiesta.<\/p>\n<p style=\"text-align: justify;\">Las celebraciones est\u00e1n en marcha, quedan todos invitados a seguir disfrutando de nuestras tradiciones, m\u00fasica, baile y, por supuesto, de la exquisita comida t\u00edpica. Asista con su familia y amigos a ser parte de nuestras tradiciones.<\/p>\n<p style=\"text-align: justify;\">\u00a1Que viva Chile, viva Yungay y nuestras Fiestas Patrias!<\/p>\n<p>&nbsp;<\/p>\n<p>&nbsp;<\/p>\n<p style=\"text-align: center;\"><strong>FOTOGRAF\u00cdAS:<\/strong><\/p>\n<p style=\"text-align: center;\"><iframe loading=\"lazy\" style=\"border: none; overflow: hidden;\" src=\"https:\/\/www.facebook.com\/plugins\/post.php?href=https%3A%2F%2Fwww.facebook.com%2Fyungayoficial%2Fposts%2Fpfbid0EJLu498JjrAwfLX7YU32SRSrwkSScsrzjMnfwCd5cUTL8dFNYQaJWEQFKNL2gicpl&amp;show_text=true&amp;width=500\" width=\"500\" height=\"754\" frameborder=\"0\" scrolling=\"no\" allowfullscreen=\"allowfullscreen\"><\/iframe><\/p>\n","protected":false},"excerpt":{"rendered":"<p>Yungay, septiembre 2024: El d\u00eda martes 17 se dio inicio oficial a las celebraciones de fiestas patrias con la inauguraci\u00f3n de las ramadas en Ranchillos Bajo, Campanario y Yungay. Al son de \u201cCantares de&#46;&#46;&#46;<\/p>\n","protected":false},"author":2,"featured_media":31878,"comment_status":"closed","ping_status":"closed","sticky":false,"template":"","format":"standard","meta":{"footnotes":""},"categories":[1],"tags":[528,251,1567,8,6],"class_list":["post-31874","post","type-post","status-publish","format-standard","has-post-thumbnail","hentry","category-noticias","tag-fiestas-patrias","tag-ramadas","tag-yunagyino-cl","tag-yungay","tag-yungayino"],"_links":{"self":[{"href":"https:\/\/www.yungayino.cl\/noticias\/index.php?rest_route=\/wp\/v2\/posts\/31874","targetHints":{"allow":["GET"]}}],"collection":[{"href":"https:\/\/www.yungayino.cl\/noticias\/index.php?rest_route=\/wp\/v2\/posts"}],"about":[{"href":"https:\/\/www.yungayino.cl\/noticias\/index.php?rest_route=\/wp\/v2\/types\/post"}],"author":[{"embeddable":true,"href":"https:\/\/www.yungayino.cl\/noticias\/index.php?rest_route=\/wp\/v2\/users\/2"}],"replies":[{"embeddable":true,"href":"https:\/\/www.yungayino.cl\/noticias\/index.php?rest_route=%2Fwp%2Fv2%2Fcomments&post=31874"}],"version-history":[{"count":1,"href":"https:\/\/www.yungayino.cl\/noticias\/index.php?rest_route=\/wp\/v2\/posts\/31874\/revisions"}],"predecessor-version":[{"id":31880,"href":"https:\/\/www.yungayino.cl\/noticias\/index.php?rest_route=\/wp\/v2\/posts\/31874\/revisions\/31880"}],"wp:featuredmedia":[{"embeddable":true,"href":"https:\/\/www.yungayino.cl\/noticias\/index.php?rest_route=\/wp\/v2\/media\/31878"}],"wp:attachment":[{"href":"https:\/\/www.yungayino.cl\/noticias\/index.php?rest_route=%2Fwp%2Fv2%2Fmedia&parent=31874"}],"wp:term":[{"taxonomy":"category","embeddable":true,"href":"https:\/\/www.yungayino.cl\/noticias\/index.php?rest_route=%2Fwp%2Fv2%2Fcategories&post=31874"},{"taxonomy":"post_tag","embeddable":true,"href":"https:\/\/www.yungayino.cl\/noticias\/index.php?rest_route=%2Fwp%2Fv2%2Ftags&post=31874"}],"curies":[{"name":"wp","href":"https:\/\/api.w.org\/{rel}","templated":true}]}}