{"id":31885,"date":"2024-09-25T07:00:11","date_gmt":"2024-09-25T10:00:11","guid":{"rendered":"https:\/\/www.yungayino.cl\/noticias\/?p=31885"},"modified":"2024-09-20T15:49:23","modified_gmt":"2024-09-20T18:49:23","slug":"gobierno-regional-anuncia-programa-soberania-maritima-de-nuble-para-fortalecer-el-desarrollo-de-la-costa","status":"publish","type":"post","link":"https:\/\/www.yungayino.cl\/noticias\/?p=31885","title":{"rendered":"Gobierno Regional Anuncia Programa \u201cSoberan\u00eda Mar\u00edtima de \u00d1uble\u201d Para Fortalecer el Desarrollo de la Costa"},"content":{"rendered":"<p><img loading=\"lazy\" decoding=\"async\" class=\"alignnone wp-image-31879 size-full\" src=\"https:\/\/www.yungayino.cl\/noticias\/wp-content\/uploads\/2024\/09\/soberania-maritima-nuble.jpg\" alt=\"\" width=\"700\" height=\"350\" srcset=\"https:\/\/www.yungayino.cl\/noticias\/wp-content\/uploads\/2024\/09\/soberania-maritima-nuble.jpg 700w, https:\/\/www.yungayino.cl\/noticias\/wp-content\/uploads\/2024\/09\/soberania-maritima-nuble-300x150.jpg 300w\" sizes=\"auto, (max-width: 700px) 100vw, 700px\" \/><\/p>\n<p style=\"text-align: justify;\">\u00d1uble, septiembre 2024: En el marco de la cuarta sesi\u00f3n de la Comisi\u00f3n Regional de Uso del Borde Costero, Gobernador Cris\u00f3stomo dio a conocer las diferentes iniciativas que apuntan a la presencia de la Autoridad Mar\u00edtima en la zona, contribuir al desarrollo productivo y fortalecer la labor de Sernapesca.<\/p>\n<p style=\"text-align: justify;\">Un programa integral para el desarrollo de la costa de nuestra regi\u00f3n, denominado \u201cSoberan\u00eda Mar\u00edtima de \u00d1uble\u201d, anunci\u00f3 el Gobernador Regional, \u00d3scar Cris\u00f3stomo, en el marco de la cuarta sesi\u00f3n de la Comisi\u00f3n Regional de Uso del Borde Costero. Se trata de diferentes proyectos que consolidar\u00e1n la presencia del Estado en la zona, a trav\u00e9s de la Autoridad Mar\u00edtima; adem\u00e1s de fortalecer el desarrollo productivo y la labor de Sernapesca, entre otros.<\/p>\n<p style=\"text-align: justify;\">Sobre este programa, la autoridad detall\u00f3 que \u201ccon esto queremos volcar la mirada sobre nuestra costa y sobre ella trabajar diversas iniciativas que nos permitan ir fortaleciendo el desarrollo productivo, tur\u00edstico, pero tambi\u00e9n su cuidado sustentable. Va a incluir una imagen objetivo de la zona costera para poder ordenar el desarrollo de \u00e9sta y, tambi\u00e9n, vamos a consolidar la presencia del Estado, a trav\u00e9s de la Armada de Chile con la Capitan\u00eda de Puerto, con Sernapesca y con el Gobierno Regional mediante distintos proyectos\u201d.<\/p>\n<p style=\"text-align: justify;\">Respecto a lo inmediato, explic\u00f3 que \u201cuna de las iniciativas es una inversi\u00f3n que vamos a tener junto con INDESPA, para poder aportar al desarrollo econ\u00f3mico y pesquero del sector. Lo segundo, es que, a la espera de tener la construcci\u00f3n de la Capitan\u00eda de Puerto, hemos acordado tener una infraestructura m\u00f3vil para que la Armada pueda estar a contar del primer semestre del pr\u00f3ximo a\u00f1o trabajando en nuestra costa permanentemente y, adem\u00e1s, vamos a fortalecer la capacidad de fiscalizaci\u00f3n de Sernapesca\u201d.<\/p>\n<p style=\"text-align: justify;\">Uno de los actores presentes en la Comisi\u00f3n Regional de Uso del Borde Costero y que tendr\u00e1 un rol fundamental en el plan es la Armada de Chile. Su representante, el Comandante Jacob Silva, subjefe de la Gobernaci\u00f3n Mar\u00edtima de Talcahuano, asegur\u00f3 que \u201cnos vamos bastante sorprendidos y contentos por el tremendo esfuerzo que ha hecho el Gobierno Regional en impulsar este plan. Normalmente se mira hacia la cordillera y yo creo que a la Regi\u00f3n de \u00d1uble le hace muy bien mirar hacia el mar, por lo tanto, ac\u00e1 estamos hablando de inversiones muy importantes que van en beneficio de los pescadores artesanales y tambi\u00e9n garantizando la presencia de la Autoridad Mar\u00edtima dentro de la regi\u00f3n\u201d.<\/p>\n<p style=\"text-align: justify;\">Instancia valorada<\/p>\n<p style=\"text-align: justify;\">La comunidad tambi\u00e9n particip\u00f3 de esta jornada, quienes valoraron las iniciativas que se impulsar\u00e1n desde el Gobierno Regional para el desarrollo de la costa.<\/p>\n<p style=\"text-align: justify;\">En este sentido, la presidenta del Sindicato de Trabajadores Independientes de la Pesca Artesanal de Caleta Rinconada, Palmira Bast\u00edas, calific\u00f3 la reuni\u00f3n como \u201cbastante satisfactoria al poder lograr lo que tanto hab\u00edamos querido con respecto a ver la forma de c\u00f3mo abordar el desarrollo del borde costero con un estudio acabado, de ver lo que se debe y lo que no se debe hacer para entregar como regi\u00f3n una buena panor\u00e1mica para las personas que nos visiten con un borde costero bien organizado y que ellos puedan disfrutar\u201d.<\/p>\n<p style=\"text-align: justify;\">A su vez, Crist\u00f3bal Bustos de la Asociaci\u00f3n Gremial de la C\u00e1mara de Comercio, Turismo y Desarrollo de Cobquecura, agradeci\u00f3 \u201cque podamos estar en esta instancia, me parece que estamos avanzando, los programas presentados, se ven los logros, y bien esperanzados de lo que puede seguir siendo este trabajo\u201d.<\/p>\n<p style=\"text-align: justify;\">Finalmente, Ana Rosa Alarc\u00f3n, representante de los recolectores de orillas de Colmuyao, expres\u00f3 que estas reuniones \u201ctienen todos los entes m\u00e1s cercanos a las fiscalizaciones que nos faltan en nuestra comuna. Y esa oficina que se va a hacer con Sernapesca y los marinos, es muy importante, por las lejan\u00edas que tenemos, lo que es Lirqu\u00e9n y Chill\u00e1n con la comuna tienen muchas distancias, entonces para nosotros la cercan\u00eda es m\u00e1s importante para poder cuidar nuestros recursos\u201d.<\/p>\n<p style=\"text-align: justify;\">Durante la sesi\u00f3n de la Comisi\u00f3n Regional de Uso del Borde Costero tambi\u00e9n se dio a conocer la elaboraci\u00f3n de un estudio de fondo marino para determinar eventuales impactos derivados de la pesca artesanal de embarcaciones mayores en la Primera Milla. Asimismo, se mostraron los avances del proyecto \u201cCosta \u00d1uble Sustentable\u201d que realiza la Universidad de Concepci\u00f3n con apoyo del Gobierno Regional, donde se entreg\u00f3 un diagn\u00f3stico ambiental, socioecon\u00f3mico y productivo de la zona; y se inform\u00f3 de la aplicaci\u00f3n de la Ley de Caletas en Rinconada de Tauc\u00fa y Perales.<\/p>\n","protected":false},"excerpt":{"rendered":"<p>\u00d1uble, septiembre 2024: En el marco de la cuarta sesi\u00f3n de la Comisi\u00f3n Regional de Uso del Borde Costero, Gobernador Cris\u00f3stomo dio a conocer las diferentes iniciativas que apuntan a la presencia de la&#46;&#46;&#46;<\/p>\n","protected":false},"author":2,"featured_media":31879,"comment_status":"closed","ping_status":"closed","sticky":false,"template":"","format":"standard","meta":{"footnotes":""},"categories":[1],"tags":[1115,1678,8,6,117],"class_list":["post-31885","post","type-post","status-publish","format-standard","has-post-thumbnail","hentry","category-noticias","tag-noticias","tag-nuble","tag-yungay","tag-yungayino","tag-yungayinocl"],"_links":{"self":[{"href":"https:\/\/www.yungayino.cl\/noticias\/index.php?rest_route=\/wp\/v2\/posts\/31885","targetHints":{"allow":["GET"]}}],"collection":[{"href":"https:\/\/www.yungayino.cl\/noticias\/index.php?rest_route=\/wp\/v2\/posts"}],"about":[{"href":"https:\/\/www.yungayino.cl\/noticias\/index.php?rest_route=\/wp\/v2\/types\/post"}],"author":[{"embeddable":true,"href":"https:\/\/www.yungayino.cl\/noticias\/index.php?rest_route=\/wp\/v2\/users\/2"}],"replies":[{"embeddable":true,"href":"https:\/\/www.yungayino.cl\/noticias\/index.php?rest_route=%2Fwp%2Fv2%2Fcomments&post=31885"}],"version-history":[{"count":2,"href":"https:\/\/www.yungayino.cl\/noticias\/index.php?rest_route=\/wp\/v2\/posts\/31885\/revisions"}],"predecessor-version":[{"id":31887,"href":"https:\/\/www.yungayino.cl\/noticias\/index.php?rest_route=\/wp\/v2\/posts\/31885\/revisions\/31887"}],"wp:featuredmedia":[{"embeddable":true,"href":"https:\/\/www.yungayino.cl\/noticias\/index.php?rest_route=\/wp\/v2\/media\/31879"}],"wp:attachment":[{"href":"https:\/\/www.yungayino.cl\/noticias\/index.php?rest_route=%2Fwp%2Fv2%2Fmedia&parent=31885"}],"wp:term":[{"taxonomy":"category","embeddable":true,"href":"https:\/\/www.yungayino.cl\/noticias\/index.php?rest_route=%2Fwp%2Fv2%2Fcategories&post=31885"},{"taxonomy":"post_tag","embeddable":true,"href":"https:\/\/www.yungayino.cl\/noticias\/index.php?rest_route=%2Fwp%2Fv2%2Ftags&post=31885"}],"curies":[{"name":"wp","href":"https:\/\/api.w.org\/{rel}","templated":true}]}}