{"id":31945,"date":"2024-09-29T08:00:45","date_gmt":"2024-09-29T11:00:45","guid":{"rendered":"https:\/\/www.yungayino.cl\/noticias\/?p=31945"},"modified":"2024-09-30T17:36:41","modified_gmt":"2024-09-30T20:36:41","slug":"firman-convenio-para-habilitar-espacio-destinado-al-colegio-de-profesores-de-yungay","status":"publish","type":"post","link":"https:\/\/www.yungayino.cl\/noticias\/?p=31945","title":{"rendered":"Firman Convenio Para Habilitar Espacio Destinado al Colegio de Profesores de Yungay"},"content":{"rendered":"<p><img loading=\"lazy\" decoding=\"async\" class=\"alignnone wp-image-31946 size-full\" src=\"https:\/\/www.yungayino.cl\/noticias\/wp-content\/uploads\/2024\/09\/colegio-profesores.jpg\" alt=\"\" width=\"700\" height=\"350\" srcset=\"https:\/\/www.yungayino.cl\/noticias\/wp-content\/uploads\/2024\/09\/colegio-profesores.jpg 700w, https:\/\/www.yungayino.cl\/noticias\/wp-content\/uploads\/2024\/09\/colegio-profesores-300x150.jpg 300w\" sizes=\"auto, (max-width: 700px) 100vw, 700px\" \/><\/p>\n<p style=\"text-align: justify;\">Yungay, septiembre 2024: Municipalidad de Yungay y el Colegio de Profesores de la comuna firmaron un convenio que permitir\u00e1 el uso de una sala en el ex anexo del Liceo de Yungay. Este espacio ser\u00e1 destinado a la realizaci\u00f3n de reuniones y actividades organizativas del gremio docente.<\/p>\n<p style=\"text-align: justify;\">Con este acuerdo, se busca apoyar el trabajo de los Profesores y fortalecer su organizaci\u00f3n, brind\u00e1ndoles un espacio adecuado para coordinar sus actividades y proyectos. El alcalde destac\u00f3 la importancia de este convenio para seguir colaborando con los profesores de la comuna.<\/p>\n<p style=\"text-align: justify;\">Este nuevo paso es parte del compromiso de la municipalidad con la educaci\u00f3n y el fortalecimiento del gremio, asegurando mejores condiciones para el desarrollo de su labor.<\/p>\n","protected":false},"excerpt":{"rendered":"<p>Yungay, septiembre 2024: Municipalidad de Yungay y el Colegio de Profesores de la comuna firmaron un convenio que permitir\u00e1 el uso de una sala en el ex anexo del Liceo de Yungay. Este espacio&#46;&#46;&#46;<\/p>\n","protected":false},"author":2,"featured_media":31946,"comment_status":"closed","ping_status":"closed","sticky":false,"template":"","format":"standard","meta":{"footnotes":""},"categories":[1493,2571,1],"tags":[1169,1115,8,6,117],"class_list":["post-31945","post","type-post","status-publish","format-standard","has-post-thumbnail","hentry","category-educacion","category-educacion-2","category-noticias","tag-colegio-de-profesores","tag-noticias","tag-yungay","tag-yungayino","tag-yungayinocl"],"_links":{"self":[{"href":"https:\/\/www.yungayino.cl\/noticias\/index.php?rest_route=\/wp\/v2\/posts\/31945","targetHints":{"allow":["GET"]}}],"collection":[{"href":"https:\/\/www.yungayino.cl\/noticias\/index.php?rest_route=\/wp\/v2\/posts"}],"about":[{"href":"https:\/\/www.yungayino.cl\/noticias\/index.php?rest_route=\/wp\/v2\/types\/post"}],"author":[{"embeddable":true,"href":"https:\/\/www.yungayino.cl\/noticias\/index.php?rest_route=\/wp\/v2\/users\/2"}],"replies":[{"embeddable":true,"href":"https:\/\/www.yungayino.cl\/noticias\/index.php?rest_route=%2Fwp%2Fv2%2Fcomments&post=31945"}],"version-history":[{"count":3,"href":"https:\/\/www.yungayino.cl\/noticias\/index.php?rest_route=\/wp\/v2\/posts\/31945\/revisions"}],"predecessor-version":[{"id":31977,"href":"https:\/\/www.yungayino.cl\/noticias\/index.php?rest_route=\/wp\/v2\/posts\/31945\/revisions\/31977"}],"wp:featuredmedia":[{"embeddable":true,"href":"https:\/\/www.yungayino.cl\/noticias\/index.php?rest_route=\/wp\/v2\/media\/31946"}],"wp:attachment":[{"href":"https:\/\/www.yungayino.cl\/noticias\/index.php?rest_route=%2Fwp%2Fv2%2Fmedia&parent=31945"}],"wp:term":[{"taxonomy":"category","embeddable":true,"href":"https:\/\/www.yungayino.cl\/noticias\/index.php?rest_route=%2Fwp%2Fv2%2Fcategories&post=31945"},{"taxonomy":"post_tag","embeddable":true,"href":"https:\/\/www.yungayino.cl\/noticias\/index.php?rest_route=%2Fwp%2Fv2%2Ftags&post=31945"}],"curies":[{"name":"wp","href":"https:\/\/api.w.org\/{rel}","templated":true}]}}