{"id":31955,"date":"2024-09-26T21:36:29","date_gmt":"2024-09-27T00:36:29","guid":{"rendered":"https:\/\/www.yungayino.cl\/noticias\/?p=31955"},"modified":"2024-09-26T21:36:29","modified_gmt":"2024-09-27T00:36:29","slug":"yungay-inaugura-el-primer-centro-diurno-comunitario-para-personas-mayores-de-la-region-financiado-con-recursos-municipales","status":"publish","type":"post","link":"https:\/\/www.yungayino.cl\/noticias\/?p=31955","title":{"rendered":"Yungay Inaugura El Primer Centro Diurno Comunitario Para Personas Mayores de la Regi\u00f3n, Financiado con Recursos Municipales"},"content":{"rendered":"<p>Yungay, septiembre 2024: En una emotiva ceremonia, se inaugur\u00f3 oficialmente el primer Centro Diurno Comunitario de la regi\u00f3n de \u00d1uble, construido exclusivamente para personas mayores y financiado \u00edntegramente con recursos municipales. Este centro, ubicado en el ex internado de Yungay, ahora se convierte en un espacio dedicado a mejorar la calidad de vida de los adultos mayores, promoviendo su bienestar f\u00edsico, mental y social.<\/p>\n<p>El Centro Diurno Comunitario, que forma parte de un convenio entre la Municipalidad de Yungay y SENAMA, fue concebido con el prop\u00f3sito de fortalecer las capacidades f\u00edsicas, cognitivas y sociales de las personas mayores, con el objetivo de promover su autonom\u00eda y protagonismo en la vida familiar y comunitaria. Desde su creaci\u00f3n en 2020, el centro ha contado con un equipo multidisciplinario de profesionales, entre ellos trabajadores sociales, kinesi\u00f3logos, psic\u00f3logos y terapeutas ocupacionales, quienes brindan atenci\u00f3n personalizada a los usuarios.<\/p>\n<p>El alcalde Rafael Cifuentes Rodr\u00edguez, en su intervenci\u00f3n, agradeci\u00f3 y felicit\u00f3 al equipo profesional que trabaja en el centro, subrayando la cercan\u00eda y dedicaci\u00f3n que han brindado a los usuarios. \u201cEste centro es un sue\u00f1o hecho realidad. Es una prueba del esfuerzo de los equipos municipales y del compromiso que tenemos por ofrecer a nuestros mayores un espacio digno y acogedor donde puedan seguir siendo protagonistas en la vida de Yungay\u201d, expres\u00f3 el edil.<\/p>\n<p>Por su parte, la coordinadora de SENAMA \u00d1uble, Valezka Morales Eyzaguirre, destac\u00f3 la relevancia de este proyecto como el primero de su tipo en la regi\u00f3n y felicit\u00f3 a la Municipalidad de Yungay por llevar adelante una iniciativa financiada exclusivamente con fondos municipales. \u201cEs un orgullo ver c\u00f3mo estos proyectos se hacen realidad y transforman la vida de nuestros adultos mayores. Este centro es una muestra del desarrollo con rostro humano que queremos para nuestra regi\u00f3n\u201d, afirm\u00f3.<\/p>\n<p>El evento culmin\u00f3 con una visita guiada por las nuevas instalaciones, que ahora se convierte en la nueva casa de las personas mayores de Yungay. Las autoridades y vecinos presentes pudieron conocer los distintos espacios del centro, dise\u00f1ados para fomentar el bienestar integral de sus usuarios.<\/p>\n<p>&nbsp;<\/p>\n<p><a href=\"https:\/\/www.facebook.com\/share\/p\/hTKfawjZmXpKqVEF\/\"><strong>FOTOGRAF\u00cdAS AQU\u00cd<\/strong><\/a><\/p>\n","protected":false},"excerpt":{"rendered":"<p>Yungay, septiembre 2024: En una emotiva ceremonia, se inaugur\u00f3 oficialmente el primer Centro Diurno Comunitario de la regi\u00f3n de \u00d1uble, construido exclusivamente para personas mayores y financiado \u00edntegramente con recursos municipales. Este centro, ubicado&#46;&#46;&#46;<\/p>\n","protected":false},"author":2,"featured_media":31956,"comment_status":"closed","ping_status":"closed","sticky":false,"template":"","format":"standard","meta":{"footnotes":""},"categories":[1,32,2567],"tags":[2510,1115,2366,619,8,6,117],"class_list":["post-31955","post","type-post","status-publish","format-standard","has-post-thumbnail","hentry","category-noticias","category-servicios","category-social","tag-centro-diurno","tag-noticias","tag-personas-mayores","tag-senama","tag-yungay","tag-yungayino","tag-yungayinocl"],"_links":{"self":[{"href":"https:\/\/www.yungayino.cl\/noticias\/index.php?rest_route=\/wp\/v2\/posts\/31955","targetHints":{"allow":["GET"]}}],"collection":[{"href":"https:\/\/www.yungayino.cl\/noticias\/index.php?rest_route=\/wp\/v2\/posts"}],"about":[{"href":"https:\/\/www.yungayino.cl\/noticias\/index.php?rest_route=\/wp\/v2\/types\/post"}],"author":[{"embeddable":true,"href":"https:\/\/www.yungayino.cl\/noticias\/index.php?rest_route=\/wp\/v2\/users\/2"}],"replies":[{"embeddable":true,"href":"https:\/\/www.yungayino.cl\/noticias\/index.php?rest_route=%2Fwp%2Fv2%2Fcomments&post=31955"}],"version-history":[{"count":2,"href":"https:\/\/www.yungayino.cl\/noticias\/index.php?rest_route=\/wp\/v2\/posts\/31955\/revisions"}],"predecessor-version":[{"id":31958,"href":"https:\/\/www.yungayino.cl\/noticias\/index.php?rest_route=\/wp\/v2\/posts\/31955\/revisions\/31958"}],"wp:featuredmedia":[{"embeddable":true,"href":"https:\/\/www.yungayino.cl\/noticias\/index.php?rest_route=\/wp\/v2\/media\/31956"}],"wp:attachment":[{"href":"https:\/\/www.yungayino.cl\/noticias\/index.php?rest_route=%2Fwp%2Fv2%2Fmedia&parent=31955"}],"wp:term":[{"taxonomy":"category","embeddable":true,"href":"https:\/\/www.yungayino.cl\/noticias\/index.php?rest_route=%2Fwp%2Fv2%2Fcategories&post=31955"},{"taxonomy":"post_tag","embeddable":true,"href":"https:\/\/www.yungayino.cl\/noticias\/index.php?rest_route=%2Fwp%2Fv2%2Ftags&post=31955"}],"curies":[{"name":"wp","href":"https:\/\/api.w.org\/{rel}","templated":true}]}}