{"id":31972,"date":"2024-10-02T07:00:41","date_gmt":"2024-10-02T10:00:41","guid":{"rendered":"https:\/\/www.yungayino.cl\/noticias\/?p=31972"},"modified":"2024-10-02T15:36:52","modified_gmt":"2024-10-02T18:36:52","slug":"gobierno-regional-anuncia-que-nuble-contara-con-un-moderno-sistema-de-identificacion-para-fortalecer-la-seguridad","status":"publish","type":"post","link":"https:\/\/www.yungayino.cl\/noticias\/?p=31972","title":{"rendered":"Gobierno Regional Anuncia que \u00d1uble Contar\u00e1 con un Moderno Sistema de Identificaci\u00f3n Para Fortalecer la Seguridad"},"content":{"rendered":"<p><img loading=\"lazy\" decoding=\"async\" class=\"alignnone wp-image-31973 size-full\" src=\"https:\/\/www.yungayino.cl\/noticias\/wp-content\/uploads\/2024\/09\/seguridad-nuble.jpg\" alt=\"\" width=\"700\" height=\"350\" srcset=\"https:\/\/www.yungayino.cl\/noticias\/wp-content\/uploads\/2024\/09\/seguridad-nuble.jpg 700w, https:\/\/www.yungayino.cl\/noticias\/wp-content\/uploads\/2024\/09\/seguridad-nuble-300x150.jpg 300w\" sizes=\"auto, (max-width: 700px) 100vw, 700px\" \/><\/p>\n<p style=\"text-align: justify;\">\u00d1uble, septiembre 2024: El Gobernador Cris\u00f3stomo inform\u00f3 sobre el proyecto que ser\u00e1 financiado por el Gobierno Regional, gracias a un acuerdo entre la Subsecretar\u00eda del Interior y AGORECHI, para implementar a trav\u00e9s de la Polic\u00eda de Investigaciones, un programa a nivel nacional.<\/p>\n<p style=\"text-align: justify;\">El equipamiento biom\u00e9trico permitir\u00e1 identificar y enrolar a cada una de las personas que ingresan y salen del pa\u00eds, as\u00ed como a sus habitantes.<\/p>\n<p style=\"text-align: justify;\">Combatir la delincuencia y el crimen organizado, junto con mejorar los niveles de seguridad, es el principal objetivo del Sistema de Identificaci\u00f3n de Datos Biom\u00e9tricos Automatizados (ABIS) que ser\u00e1 implementado en \u00d1uble con el financiamiento del Gobierno Regional, luego de un acuerdo entre la Subsecretar\u00eda del Interior y la Asociaci\u00f3n de Gobernadores y Gobernadoras de Chile (AGORECHI). As\u00ed lo dieron a conocer esta ma\u00f1ana, el Gobernador \u00d3scar Cris\u00f3stomo, junto al Delegado Presidencial, Rodrigo Garc\u00eda y el Jefe (S) de la Regi\u00f3n Policial de \u00d1uble, prefecto Christian Parada; instituci\u00f3n encargada de ejecutar el proyecto de seguridad.<\/p>\n<p style=\"text-align: justify;\">La inversi\u00f3n para instalar el sistema ABIS en \u00d1uble es de m\u00e1s de $1.178 millones y permitir\u00e1 mejorar los procesos de identificaci\u00f3n y enrolamiento de personas, a trav\u00e9s de la huella dactilar, rostro y voz, fortaleciendo la seguridad y el control migratorio, criminal y forense en la regi\u00f3n y el pa\u00eds.<\/p>\n<p style=\"text-align: justify;\">En ese sentido, el Gobernador Cris\u00f3stomo detall\u00f3 que fue un trabajo de cerca de un a\u00f1o entre la PDI, el Ministerio del Interior y la Asociaci\u00f3n de Gobernadores y Gobernadoras de Chile, \u201cel acuerdo al que hemos llegado, va a implicar que, por primera vez, nuestro pa\u00eds va a contar con un sistema integral para el reconocimiento biom\u00e9trico de todas las personas que habitamos en \u00e9l, un sistema que va a estar implementado por la Polic\u00eda de Investigaciones\u201d.<\/p>\n<p style=\"text-align: justify;\">Respecto al rol del Gobierno Regional en esta iniciativa, Cris\u00f3stomo destac\u00f3 que \u201ces primera vez que se llega a un acuerdo con los gobiernos regionales para poder implementar un programa a nivel nacional, con esto damos cuenta del esfuerzo que hemos hecho desde regiones para apoyar distintas materias de seguridad y con eso contribuir a la tranquilidad de nuestro territorio y comunas\u201d.\u00a0 Finalmente, agreg\u00f3 que\u00a0\u201caportar con tecnolog\u00eda de \u00faltima generaci\u00f3n permite tener m\u00e1s herramientas para combatir la delincuencia y el crimen organizado y particularmente tambi\u00e9n tener un control fronterizo\u201d.<\/p>\n<p style=\"text-align: justify;\">Por su parte, el Delegado Presidencial, afirm\u00f3 que esta es una muestra m\u00e1s \u201cde la importancia que le ha dado el gobierno del Presidente Boric a combatir la delincuencia y poder mejorar los niveles de seguridad de toda la poblaci\u00f3n. Es una iniciativa que se implement\u00f3 inicialmente en la regi\u00f3n de Arica y Parinacota y a partir de eso se acord\u00f3 con la Asociaci\u00f3n de Gobiernos Regionales poder extenderlo a nivel nacional\u201d.<\/p>\n<p style=\"text-align: justify;\">Por su parte, el Delegado Presidencial, afirm\u00f3 que \u201cesta es una iniciativa que se inici\u00f3 a partir del Ministerio del Interior que es una muestra m\u00e1s de la importancia que le ha dado el Gobierno del Presidente Gabriel Boric a combatir la delincuencia y poder mejorar los niveles de seguridad de toda la poblaci\u00f3n. Es una iniciativa que se implement\u00f3 inicialmente la regi\u00f3n de Arica y Parinacota, y a partir de eso se acord\u00f3 con la Gobiernos Regionales implementarlo a nivel nacional. Esto va a estar implementado y ejecutado por la Polic\u00eda de Investigaciones y va enfocado al control biom\u00e9trico de migrantes, pero tambi\u00e9n para colaborar en el control de la criminalidad y forense, mejorando la seguridad de las personas y de nuestra Regi\u00f3n de \u00d1uble\u201d.<\/p>\n<p style=\"text-align: justify;\">Investigaci\u00f3n Criminal<\/p>\n<p style=\"text-align: justify;\">Actualmente, el sistema ABIS ya est\u00e1 funcionando, hace cerca de un a\u00f1o, como plan piloto en la Regi\u00f3n de Arica y Parinacota. \u201cHa sido muy valiosa la experiencia y una herramienta elemental para efectos de poder identificar particularmente migrantes, pero tambi\u00e9n, es una herramienta tecnol\u00f3gica para poder combatir el crimen organizado y la delincuencia com\u00fan\u201d, profundiz\u00f3 el Prefecto Parada.<\/p>\n<p style=\"text-align: justify;\">Junto con ello, explic\u00f3 que \u201cpuede operar tanto en las oficinas de los detectives, en las estaciones de trabajo, como tambi\u00e9n en terreno, para poder levantar identidades de las personas que se necesita obviamente enrolar\u201d. A la fecha, en la regi\u00f3n de Arica y Parinacota, se han enrolado alrededor de 9.800 personas.<\/p>\n<p style=\"text-align: justify;\">Cabe recordar que, el Gobierno Regional tambi\u00e9n ha sumado el proyecto de televigilancia, que se encuentra actualmente en ejecuci\u00f3n para instalar 209 c\u00e1maras regionales, y entre otros elementos, implementar\u00e1 una central de monitoreo en la PDI, lo que viene a reforzar a\u00fan m\u00e1s el apoyo en la seguridad de la regi\u00f3n.<\/p>\n","protected":false},"excerpt":{"rendered":"<p>\u00d1uble, septiembre 2024: El Gobernador Cris\u00f3stomo inform\u00f3 sobre el proyecto que ser\u00e1 financiado por el Gobierno Regional, gracias a un acuerdo entre la Subsecretar\u00eda del Interior y AGORECHI, para implementar a trav\u00e9s de la&#46;&#46;&#46;<\/p>\n","protected":false},"author":2,"featured_media":31973,"comment_status":"closed","ping_status":"closed","sticky":false,"template":"","format":"standard","meta":{"footnotes":""},"categories":[1],"tags":[1678,686,8,6,117],"class_list":["post-31972","post","type-post","status-publish","format-standard","has-post-thumbnail","hentry","category-noticias","tag-nuble","tag-seguridad","tag-yungay","tag-yungayino","tag-yungayinocl"],"_links":{"self":[{"href":"https:\/\/www.yungayino.cl\/noticias\/index.php?rest_route=\/wp\/v2\/posts\/31972","targetHints":{"allow":["GET"]}}],"collection":[{"href":"https:\/\/www.yungayino.cl\/noticias\/index.php?rest_route=\/wp\/v2\/posts"}],"about":[{"href":"https:\/\/www.yungayino.cl\/noticias\/index.php?rest_route=\/wp\/v2\/types\/post"}],"author":[{"embeddable":true,"href":"https:\/\/www.yungayino.cl\/noticias\/index.php?rest_route=\/wp\/v2\/users\/2"}],"replies":[{"embeddable":true,"href":"https:\/\/www.yungayino.cl\/noticias\/index.php?rest_route=%2Fwp%2Fv2%2Fcomments&post=31972"}],"version-history":[{"count":2,"href":"https:\/\/www.yungayino.cl\/noticias\/index.php?rest_route=\/wp\/v2\/posts\/31972\/revisions"}],"predecessor-version":[{"id":31975,"href":"https:\/\/www.yungayino.cl\/noticias\/index.php?rest_route=\/wp\/v2\/posts\/31972\/revisions\/31975"}],"wp:featuredmedia":[{"embeddable":true,"href":"https:\/\/www.yungayino.cl\/noticias\/index.php?rest_route=\/wp\/v2\/media\/31973"}],"wp:attachment":[{"href":"https:\/\/www.yungayino.cl\/noticias\/index.php?rest_route=%2Fwp%2Fv2%2Fmedia&parent=31972"}],"wp:term":[{"taxonomy":"category","embeddable":true,"href":"https:\/\/www.yungayino.cl\/noticias\/index.php?rest_route=%2Fwp%2Fv2%2Fcategories&post=31972"},{"taxonomy":"post_tag","embeddable":true,"href":"https:\/\/www.yungayino.cl\/noticias\/index.php?rest_route=%2Fwp%2Fv2%2Ftags&post=31972"}],"curies":[{"name":"wp","href":"https:\/\/api.w.org\/{rel}","templated":true}]}}