{"id":32005,"date":"2024-10-24T07:00:46","date_gmt":"2024-10-24T10:00:46","guid":{"rendered":"https:\/\/www.yungayino.cl\/noticias\/?p=32005"},"modified":"2024-10-22T18:05:13","modified_gmt":"2024-10-22T21:05:13","slug":"30-usuarias-yungayinas-son-beneficiarias-del-programa-emprendamos","status":"publish","type":"post","link":"https:\/\/www.yungayino.cl\/noticias\/?p=32005","title":{"rendered":"30 Usuarias Yungayinas Son Beneficiarias del Programa Emprendamos"},"content":{"rendered":"<p><img loading=\"lazy\" decoding=\"async\" class=\"alignnone wp-image-32006 size-full\" src=\"https:\/\/www.yungayino.cl\/noticias\/wp-content\/uploads\/2024\/10\/usuarias.jpg\" alt=\"\" width=\"700\" height=\"350\" srcset=\"https:\/\/www.yungayino.cl\/noticias\/wp-content\/uploads\/2024\/10\/usuarias.jpg 700w, https:\/\/www.yungayino.cl\/noticias\/wp-content\/uploads\/2024\/10\/usuarias-300x150.jpg 300w\" sizes=\"auto, (max-width: 700px) 100vw, 700px\" \/><\/p>\n<p style=\"text-align: justify;\">Yungay, octubre 2024: En la sede La Concepci\u00f3n junto a la directora del Departamento de Desarrollo Comunitario, Pamela Jelves y la directora del Departamento de Desarrollo Econ\u00f3mico Local y Sustentabilidad, Claudia Harcha para acompa\u00f1ar a las 30 usuarias en el inicio del programa \u00abEmprendamos\u00bb.<\/p>\n<p style=\"text-align: justify;\">En la jornada, los profesionales a cargo del programa presentaron los objetivos y el alcance de la iniciativa de FOSIS, resolviendo dudas con el fin de entregar tranquilidad y generar un espacio seguro con las usuarias. El programa cuenta con una inversi\u00f3n total de $33.000.000 y tendr\u00e1 una duraci\u00f3n de 5 meses, en los que las usuarias fortalecer\u00e1n su conocimiento por medio de diversos talleres.<\/p>\n<p style=\"text-align: justify;\">El programa busca apoyar a personas que quieren hacer crecer o consolidar un negocio en funcionamiento, mediante un sistema de capacitaci\u00f3n y asesor\u00eda para potenciar el emprendimiento.<\/p>\n<p style=\"text-align: justify;\">Felicitamos a las 30 usuarias que gracias a este apoyo potenciar\u00e1n su desarrollo y autonom\u00eda econ\u00f3mica.<\/p>\n<p style=\"text-align: justify;\">\n","protected":false},"excerpt":{"rendered":"<p>Yungay, octubre 2024: En la sede La Concepci\u00f3n junto a la directora del Departamento de Desarrollo Comunitario, Pamela Jelves y la directora del Departamento de Desarrollo Econ\u00f3mico Local y Sustentabilidad, Claudia Harcha para acompa\u00f1ar&#46;&#46;&#46;<\/p>\n","protected":false},"author":2,"featured_media":32006,"comment_status":"closed","ping_status":"closed","sticky":false,"template":"","format":"standard","meta":{"footnotes":""},"categories":[1],"tags":[1115,8,6,117],"class_list":["post-32005","post","type-post","status-publish","format-standard","has-post-thumbnail","hentry","category-noticias","tag-noticias","tag-yungay","tag-yungayino","tag-yungayinocl"],"_links":{"self":[{"href":"https:\/\/www.yungayino.cl\/noticias\/index.php?rest_route=\/wp\/v2\/posts\/32005","targetHints":{"allow":["GET"]}}],"collection":[{"href":"https:\/\/www.yungayino.cl\/noticias\/index.php?rest_route=\/wp\/v2\/posts"}],"about":[{"href":"https:\/\/www.yungayino.cl\/noticias\/index.php?rest_route=\/wp\/v2\/types\/post"}],"author":[{"embeddable":true,"href":"https:\/\/www.yungayino.cl\/noticias\/index.php?rest_route=\/wp\/v2\/users\/2"}],"replies":[{"embeddable":true,"href":"https:\/\/www.yungayino.cl\/noticias\/index.php?rest_route=%2Fwp%2Fv2%2Fcomments&post=32005"}],"version-history":[{"count":1,"href":"https:\/\/www.yungayino.cl\/noticias\/index.php?rest_route=\/wp\/v2\/posts\/32005\/revisions"}],"predecessor-version":[{"id":32007,"href":"https:\/\/www.yungayino.cl\/noticias\/index.php?rest_route=\/wp\/v2\/posts\/32005\/revisions\/32007"}],"wp:featuredmedia":[{"embeddable":true,"href":"https:\/\/www.yungayino.cl\/noticias\/index.php?rest_route=\/wp\/v2\/media\/32006"}],"wp:attachment":[{"href":"https:\/\/www.yungayino.cl\/noticias\/index.php?rest_route=%2Fwp%2Fv2%2Fmedia&parent=32005"}],"wp:term":[{"taxonomy":"category","embeddable":true,"href":"https:\/\/www.yungayino.cl\/noticias\/index.php?rest_route=%2Fwp%2Fv2%2Fcategories&post=32005"},{"taxonomy":"post_tag","embeddable":true,"href":"https:\/\/www.yungayino.cl\/noticias\/index.php?rest_route=%2Fwp%2Fv2%2Ftags&post=32005"}],"curies":[{"name":"wp","href":"https:\/\/api.w.org\/{rel}","templated":true}]}}