{"id":32013,"date":"2024-10-23T12:00:39","date_gmt":"2024-10-23T15:00:39","guid":{"rendered":"https:\/\/www.yungayino.cl\/noticias\/?p=32013"},"modified":"2024-10-23T12:52:59","modified_gmt":"2024-10-23T15:52:59","slug":"celebracion-dia-nacional-del-cuequero-y-la-cuequera-en-yungay","status":"publish","type":"post","link":"https:\/\/www.yungayino.cl\/noticias\/?p=32013","title":{"rendered":"Celebraci\u00f3n D\u00eda Nacional del Cuequero y la Cuequera en Yungay"},"content":{"rendered":"<p><img loading=\"lazy\" decoding=\"async\" class=\"alignnone wp-image-32015 size-full\" src=\"https:\/\/www.yungayino.cl\/noticias\/wp-content\/uploads\/2024\/10\/dia-del-cuequero-foto-interior.jpg\" alt=\"\" width=\"700\" height=\"988\" srcset=\"https:\/\/www.yungayino.cl\/noticias\/wp-content\/uploads\/2024\/10\/dia-del-cuequero-foto-interior.jpg 700w, https:\/\/www.yungayino.cl\/noticias\/wp-content\/uploads\/2024\/10\/dia-del-cuequero-foto-interior-213x300.jpg 213w\" sizes=\"auto, (max-width: 700px) 100vw, 700px\" \/><\/p>\n<p style=\"text-align: justify;\">Yungay, octubre 2024: La Agrupaci\u00f3n Folcl\u00f3rica Cantares de Yungay, invitan a toda la comunidad a la <strong>\u201cCelebraci\u00f3n D\u00eda Nacional del Cuequero y la Cuequera en Yungay\u201d<\/strong>, una actividad gratuita que se llevar\u00e1 a cabo el d\u00eda s\u00e1bado 2 de noviembre a las 20:00 horas en el sal\u00f3n multiuso de nuestra comuna.<\/p>\n<p style=\"text-align: justify;\">Artistas invitados: Amanecer Banda Cuequera, Agrupaci\u00f3n Folcl\u00f3rica Patricio Antonio, Los de la Ca\u00f1ada y Bellavista de Yumbel.<\/p>\n<p style=\"text-align: justify;\">Destacar que esta actividad folcl\u00f3rica es una iniciativa financiada por el Gobierno Regional de \u00d1uble.<\/p>\n","protected":false},"excerpt":{"rendered":"<p>Yungay, octubre 2024: La Agrupaci\u00f3n Folcl\u00f3rica Cantares de Yungay, invitan a toda la comunidad a la \u201cCelebraci\u00f3n D\u00eda Nacional del Cuequero y la Cuequera en Yungay\u201d, una actividad gratuita que se llevar\u00e1 a cabo&#46;&#46;&#46;<\/p>\n","protected":false},"author":2,"featured_media":32015,"comment_status":"closed","ping_status":"closed","sticky":false,"template":"","format":"standard","meta":{"footnotes":""},"categories":[1],"tags":[60,67,1752,1115,8,6,117],"class_list":["post-32013","post","type-post","status-publish","format-standard","has-post-thumbnail","hentry","category-noticias","tag-cantares-de-yungay","tag-cueca","tag-dia-del-cuequero","tag-noticias","tag-yungay","tag-yungayino","tag-yungayinocl"],"_links":{"self":[{"href":"https:\/\/www.yungayino.cl\/noticias\/index.php?rest_route=\/wp\/v2\/posts\/32013","targetHints":{"allow":["GET"]}}],"collection":[{"href":"https:\/\/www.yungayino.cl\/noticias\/index.php?rest_route=\/wp\/v2\/posts"}],"about":[{"href":"https:\/\/www.yungayino.cl\/noticias\/index.php?rest_route=\/wp\/v2\/types\/post"}],"author":[{"embeddable":true,"href":"https:\/\/www.yungayino.cl\/noticias\/index.php?rest_route=\/wp\/v2\/users\/2"}],"replies":[{"embeddable":true,"href":"https:\/\/www.yungayino.cl\/noticias\/index.php?rest_route=%2Fwp%2Fv2%2Fcomments&post=32013"}],"version-history":[{"count":2,"href":"https:\/\/www.yungayino.cl\/noticias\/index.php?rest_route=\/wp\/v2\/posts\/32013\/revisions"}],"predecessor-version":[{"id":32017,"href":"https:\/\/www.yungayino.cl\/noticias\/index.php?rest_route=\/wp\/v2\/posts\/32013\/revisions\/32017"}],"wp:featuredmedia":[{"embeddable":true,"href":"https:\/\/www.yungayino.cl\/noticias\/index.php?rest_route=\/wp\/v2\/media\/32015"}],"wp:attachment":[{"href":"https:\/\/www.yungayino.cl\/noticias\/index.php?rest_route=%2Fwp%2Fv2%2Fmedia&parent=32013"}],"wp:term":[{"taxonomy":"category","embeddable":true,"href":"https:\/\/www.yungayino.cl\/noticias\/index.php?rest_route=%2Fwp%2Fv2%2Fcategories&post=32013"},{"taxonomy":"post_tag","embeddable":true,"href":"https:\/\/www.yungayino.cl\/noticias\/index.php?rest_route=%2Fwp%2Fv2%2Ftags&post=32013"}],"curies":[{"name":"wp","href":"https:\/\/api.w.org\/{rel}","templated":true}]}}