{"id":32037,"date":"2024-11-04T07:00:18","date_gmt":"2024-11-04T10:00:18","guid":{"rendered":"https:\/\/www.yungayino.cl\/noticias\/?p=32037"},"modified":"2024-11-02T16:32:38","modified_gmt":"2024-11-02T19:32:38","slug":"ccu-teleton-bilz-y-pap-y-el-ministerio-del-medio-ambiente-lanzan-tarea-de-reciclaje-para-dar-una-segunda-vida-a-los-plasticos-en-nuble","status":"publish","type":"post","link":"https:\/\/www.yungayino.cl\/noticias\/?p=32037","title":{"rendered":"CCU, Telet\u00f3n, Bilz y Pap y el Ministerio del Medio Ambiente Lanzan  Tarea de Reciclaje Para Dar Una Segunda Vida a los Pl\u00e1sticos en \u00d1uble"},"content":{"rendered":"<p><img loading=\"lazy\" decoding=\"async\" class=\"alignnone wp-image-32034 size-full\" src=\"https:\/\/www.yungayino.cl\/noticias\/wp-content\/uploads\/2024\/11\/teleto-plasticosd.jpg\" alt=\"\" width=\"700\" height=\"350\" srcset=\"https:\/\/www.yungayino.cl\/noticias\/wp-content\/uploads\/2024\/11\/teleto-plasticosd.jpg 700w, https:\/\/www.yungayino.cl\/noticias\/wp-content\/uploads\/2024\/11\/teleto-plasticosd-300x150.jpg 300w\" sizes=\"auto, (max-width: 700px) 100vw, 700px\" \/><\/p>\n<p style=\"text-align: justify;\">\u00d1uble, noviembre 2024: \u201cFamilias Reciclando en #ModoBilzYPap\u201d estar\u00e1 activa hasta el 9 de noviembre con m\u00e1s de 650 puntos de acopio desde Arica a Magallanes, 108 de ellos se encuentran en la regi\u00f3n del \u00d1uble.<\/p>\n<p style=\"text-align: justify;\">Las personas pueden dejar todas sus botellas pl\u00e1sticas PET que deseen, sin importar su marca ni su formato.<\/p>\n<p style=\"text-align: justify;\">Incentivar el reciclaje en familia y dar una nueva vida a las botellas de pl\u00e1stico PET es el llamado con el que vuelven este a\u00f1o CCU, Bilz y Pap y el Ministerio del Medio Ambiente en el marco de la campa\u00f1a de Telet\u00f3n. Los protagonistas de esta tarea, que estar\u00e1 activa hasta el 9 de noviembre, nuevamente son los ni\u00f1os.<\/p>\n<p style=\"text-align: justify;\">\u201cFamilias reciclando en #ModoBilzyPap\u201d, que cuenta con m\u00e1s de 650 puntos de acopio de Arica a Magallanes, tiene el apoyo de m\u00e1s de 75 municipalidades a lo largo del pa\u00eds y de los Sistemas de Gesti\u00f3n de Residuos de Envases y Embalajes,\u00a0ReSimple, y Giro. Todos ellos han contribuido a recolectar m\u00e1s de 500 toneladas de botellas pl\u00e1sticas desde 2015. Solo en 2023 se alcanzaron 122 toneladas.<\/p>\n<p style=\"text-align: justify;\">\u201cInvitamos a todo \u00d1uble a sumarse a la tarea Familias Reciclando en #ModoBilzYPap que desde hace varios a\u00f1os ha permitido visibilizar la importancia de realizar acciones que ayuden al cuidado de nuestro entorno y sean un aporte para la comunidad. El a\u00f1o pasado en la regi\u00f3n contribuimos con m\u00e1s de 7 mil kilos de botellas PET1 recicladas que se transformaron en un aporte para la Telet\u00f3n, y este a\u00f1o esperamos superar esta cifra a trav\u00e9s de los m\u00e1s de 100 puntos limpios dispuestos gracias a la colaboraci\u00f3n con CCU, los municipios y pymes locales de reciclaje que permiten darle vida a esta Econom\u00eda Circular solidaria\u201d, expres\u00f3 el Seremi del Medio Ambiente de la regi\u00f3n del \u00d1uble, Mario Rivas Pe\u00f1a.<\/p>\n<p style=\"text-align: justify;\">El lanzamiento de la tarea se realiz\u00f3 de manera conjunta en 15 regiones de todo el pa\u00eds. En la regi\u00f3n de \u00d1uble -que cuenta con 108 puntos de reciclaje- se efectu\u00f3 en la plaza San Francisco y cont\u00f3 con la participaci\u00f3n de Mario Rivas, Seremi del Medio Ambiente de la regi\u00f3n del \u00d1uble, Ricardo Ibarra, subgerente de Ventas de CCU, municipios adheridos a la campa\u00f1a y representantes de Telet\u00f3n.<\/p>\n<p style=\"text-align: justify;\">\u201cEsta campa\u00f1a nos entusiasma much\u00edsimo porque sabemos que la suma de todos los esfuerzos y el trabajo colaborativo, tanto del sector p\u00fablico como del privado, hacen una gran diferencia. Durante los 20 d\u00edas que estar\u00e1 activa la tarea Familias Reciclando en #ModoBilzYPap, el rol de los ni\u00f1os y de las familias es clave para darle vida a los puntos de reciclaje. Cada botella suma, as\u00ed que los esperamos y los invitamos a ser parte del cambio\u201d, dijo el gerente de Marketing de Gaseosas de CCU, Andr\u00e9s Gardella.<\/p>\n<p style=\"text-align: justify;\">\u201cReciclar es muy importante.\u00a0 De esta botella que yo ya consum\u00ed, la lanzamos al punto de reciclaje para que vuelva a vivir y nazca otra botella.\u00a0 Y eso es lo que tenemos que hacer todos. Los invito a todos a reciclar, y a colaborar los d\u00edas 8 y 9 de noviembre con nuestra Telet\u00f3n del a\u00f1o 2024. Juntos, todos los d\u00edas\u201d, expres\u00f3 Don Francisco.<\/p>\n<p style=\"text-align: justify;\">En tanto, Benjam\u00edn D\u00edaz, director ejecutivo de Fundaci\u00f3n Telet\u00f3n, destac\u00f3 que \u201cactividades como la de Bilz y Pap son muy importantes para motivar y movilizar a familias para que sean parte de nuestra campa\u00f1a en esta recta final hacia las 27 horas, en que necesitamos a todo Chile con nosotros. Y, adem\u00e1s, esta tarea de reciclaje nos permite vincular esta causa con los m\u00e1s peque\u00f1os y las familias promoviendo tambi\u00e9n algo tan importante en estos tiempos como es el cuidado del medioambiente, algo que, al igual que Telet\u00f3n, nos hace bien a todos\u201d.<\/p>\n<p style=\"text-align: justify;\">La informaci\u00f3n sobre los puntos de reciclaje m\u00e1s cercanos ya se encuentra disponible en<a href=\"http:\/\/www.bilzypap.cl\/\"> www.bilzypap.cl<\/a>, y en las cuentas de Facebook e Instagram @BilzyPapcl.<\/p>\n<p style=\"text-align: justify;\">Telet\u00f3n, 8 y 9 de noviembre, Juntos, \u00a1todos los d\u00edas!<\/p>\n","protected":false},"excerpt":{"rendered":"<p>\u00d1uble, noviembre 2024: \u201cFamilias Reciclando en #ModoBilzYPap\u201d estar\u00e1 activa hasta el 9 de noviembre con m\u00e1s de 650 puntos de acopio desde Arica a Magallanes, 108 de ellos se encuentran en la regi\u00f3n del&#46;&#46;&#46;<\/p>\n","protected":false},"author":2,"featured_media":32034,"comment_status":"closed","ping_status":"closed","sticky":false,"template":"","format":"standard","meta":{"footnotes":""},"categories":[1],"tags":[1115,289,8,6,117],"class_list":["post-32037","post","type-post","status-publish","format-standard","has-post-thumbnail","hentry","category-noticias","tag-noticias","tag-teleton","tag-yungay","tag-yungayino","tag-yungayinocl"],"_links":{"self":[{"href":"https:\/\/www.yungayino.cl\/noticias\/index.php?rest_route=\/wp\/v2\/posts\/32037","targetHints":{"allow":["GET"]}}],"collection":[{"href":"https:\/\/www.yungayino.cl\/noticias\/index.php?rest_route=\/wp\/v2\/posts"}],"about":[{"href":"https:\/\/www.yungayino.cl\/noticias\/index.php?rest_route=\/wp\/v2\/types\/post"}],"author":[{"embeddable":true,"href":"https:\/\/www.yungayino.cl\/noticias\/index.php?rest_route=\/wp\/v2\/users\/2"}],"replies":[{"embeddable":true,"href":"https:\/\/www.yungayino.cl\/noticias\/index.php?rest_route=%2Fwp%2Fv2%2Fcomments&post=32037"}],"version-history":[{"count":2,"href":"https:\/\/www.yungayino.cl\/noticias\/index.php?rest_route=\/wp\/v2\/posts\/32037\/revisions"}],"predecessor-version":[{"id":32039,"href":"https:\/\/www.yungayino.cl\/noticias\/index.php?rest_route=\/wp\/v2\/posts\/32037\/revisions\/32039"}],"wp:featuredmedia":[{"embeddable":true,"href":"https:\/\/www.yungayino.cl\/noticias\/index.php?rest_route=\/wp\/v2\/media\/32034"}],"wp:attachment":[{"href":"https:\/\/www.yungayino.cl\/noticias\/index.php?rest_route=%2Fwp%2Fv2%2Fmedia&parent=32037"}],"wp:term":[{"taxonomy":"category","embeddable":true,"href":"https:\/\/www.yungayino.cl\/noticias\/index.php?rest_route=%2Fwp%2Fv2%2Fcategories&post=32037"},{"taxonomy":"post_tag","embeddable":true,"href":"https:\/\/www.yungayino.cl\/noticias\/index.php?rest_route=%2Fwp%2Fv2%2Ftags&post=32037"}],"curies":[{"name":"wp","href":"https:\/\/api.w.org\/{rel}","templated":true}]}}