{"id":32046,"date":"2024-11-06T17:00:55","date_gmt":"2024-11-06T20:00:55","guid":{"rendered":"https:\/\/www.yungayino.cl\/noticias\/?p=32046"},"modified":"2024-11-06T18:04:26","modified_gmt":"2024-11-06T21:04:26","slug":"festival-de-la-callampa-se-realizo-en-sector-pangal-del-laja","status":"publish","type":"post","link":"https:\/\/www.yungayino.cl\/noticias\/?p=32046","title":{"rendered":"Festival de la Callampa se Realiz\u00f3 en Sector Pangal del Laja"},"content":{"rendered":"<p><img loading=\"lazy\" decoding=\"async\" class=\"alignnone wp-image-32047 size-full\" src=\"https:\/\/www.yungayino.cl\/noticias\/wp-content\/uploads\/2024\/11\/PORTADA-1.jpg\" alt=\"\" width=\"700\" height=\"351\" srcset=\"https:\/\/www.yungayino.cl\/noticias\/wp-content\/uploads\/2024\/11\/PORTADA-1.jpg 700w, https:\/\/www.yungayino.cl\/noticias\/wp-content\/uploads\/2024\/11\/PORTADA-1-300x150.jpg 300w\" sizes=\"auto, (max-width: 700px) 100vw, 700px\" \/><\/p>\n<p style=\"text-align: justify;\">Yungay, noviembre 2024: El s\u00e1bado 2 de noviembre se realiz\u00f3 el \u201cFestival de la Callampa\u201d en el sector Pangal del Laja.<\/p>\n<p style=\"text-align: justify;\">Esta actividad fue organizada por la Junta de Vecinos de Pangal del Laja, y en su s\u00e9ptima versi\u00f3n los reyes coronados fueron Juan Ignacio Campos y Ester Bravo.<\/p>\n<p style=\"text-align: justify;\">Los asistentes pudieron disfrutar de un d\u00eda lleno de m\u00fasica, comida t\u00edpica y actividades para toda la familia.<\/p>\n<p>&nbsp;<\/p>\n<p style=\"text-align: center;\"><strong>FOTOGRAF\u00cdAS:<\/strong><\/p>\n<p style=\"text-align: center;\"><iframe loading=\"lazy\" style=\"border: none; overflow: hidden;\" src=\"https:\/\/www.facebook.com\/plugins\/post.php?href=https%3A%2F%2Fwww.facebook.com%2Fyungayino.cl%2Fposts%2Fpfbid0wr6EBgEMdWqWqPAwEBqBRaLiAQpmgPgLM4fCrePrbFZBESTnn15cixLzvNR9QH6kl&amp;show_text=true&amp;width=500\" width=\"500\" height=\"250\" frameborder=\"0\" scrolling=\"no\" allowfullscreen=\"allowfullscreen\"><\/iframe><\/p>\n","protected":false},"excerpt":{"rendered":"<p>Yungay, noviembre 2024: El s\u00e1bado 2 de noviembre se realiz\u00f3 el \u201cFestival de la Callampa\u201d en el sector Pangal del Laja. Esta actividad fue organizada por la Junta de Vecinos de Pangal del Laja,&#46;&#46;&#46;<\/p>\n","protected":false},"author":2,"featured_media":32047,"comment_status":"closed","ping_status":"closed","sticky":false,"template":"","format":"standard","meta":{"footnotes":""},"categories":[5,1],"tags":[902,1115,162,8,6,117],"class_list":["post-32046","post","type-post","status-publish","format-standard","has-post-thumbnail","hentry","category-eventos","category-noticias","tag-fiesta-de-la-callampa","tag-noticias","tag-pangal-del-laja","tag-yungay","tag-yungayino","tag-yungayinocl"],"_links":{"self":[{"href":"https:\/\/www.yungayino.cl\/noticias\/index.php?rest_route=\/wp\/v2\/posts\/32046","targetHints":{"allow":["GET"]}}],"collection":[{"href":"https:\/\/www.yungayino.cl\/noticias\/index.php?rest_route=\/wp\/v2\/posts"}],"about":[{"href":"https:\/\/www.yungayino.cl\/noticias\/index.php?rest_route=\/wp\/v2\/types\/post"}],"author":[{"embeddable":true,"href":"https:\/\/www.yungayino.cl\/noticias\/index.php?rest_route=\/wp\/v2\/users\/2"}],"replies":[{"embeddable":true,"href":"https:\/\/www.yungayino.cl\/noticias\/index.php?rest_route=%2Fwp%2Fv2%2Fcomments&post=32046"}],"version-history":[{"count":4,"href":"https:\/\/www.yungayino.cl\/noticias\/index.php?rest_route=\/wp\/v2\/posts\/32046\/revisions"}],"predecessor-version":[{"id":32051,"href":"https:\/\/www.yungayino.cl\/noticias\/index.php?rest_route=\/wp\/v2\/posts\/32046\/revisions\/32051"}],"wp:featuredmedia":[{"embeddable":true,"href":"https:\/\/www.yungayino.cl\/noticias\/index.php?rest_route=\/wp\/v2\/media\/32047"}],"wp:attachment":[{"href":"https:\/\/www.yungayino.cl\/noticias\/index.php?rest_route=%2Fwp%2Fv2%2Fmedia&parent=32046"}],"wp:term":[{"taxonomy":"category","embeddable":true,"href":"https:\/\/www.yungayino.cl\/noticias\/index.php?rest_route=%2Fwp%2Fv2%2Fcategories&post=32046"},{"taxonomy":"post_tag","embeddable":true,"href":"https:\/\/www.yungayino.cl\/noticias\/index.php?rest_route=%2Fwp%2Fv2%2Ftags&post=32046"}],"curies":[{"name":"wp","href":"https:\/\/api.w.org\/{rel}","templated":true}]}}