{"id":32057,"date":"2024-11-13T19:00:18","date_gmt":"2024-11-13T22:00:18","guid":{"rendered":"https:\/\/www.yungayino.cl\/noticias\/?p=32057"},"modified":"2024-11-13T19:47:28","modified_gmt":"2024-11-13T22:47:28","slug":"dirigentes-yungayinos-son-certificados-por-el-ministro-montes-tras-ciclo-formativo-del-minvu-y-la-ubb","status":"publish","type":"post","link":"https:\/\/www.yungayino.cl\/noticias\/?p=32057","title":{"rendered":"Dirigentes Yungayinos Son Certificados Por El Ministro Montes Tras Ciclo Formativo Del MINVU Y La UBB"},"content":{"rendered":"<p><img loading=\"lazy\" decoding=\"async\" class=\"alignnone wp-image-32058 size-full\" src=\"https:\/\/www.yungayino.cl\/noticias\/wp-content\/uploads\/2024\/11\/portada-2.jpg\" alt=\"\" width=\"700\" height=\"350\" srcset=\"https:\/\/www.yungayino.cl\/noticias\/wp-content\/uploads\/2024\/11\/portada-2.jpg 700w, https:\/\/www.yungayino.cl\/noticias\/wp-content\/uploads\/2024\/11\/portada-2-300x150.jpg 300w\" sizes=\"auto, (max-width: 700px) 100vw, 700px\" \/><\/p>\n<p style=\"text-align: justify;\">\u00d1uble, noviembre 2024: El ministro de Vivienda y Urbanismo, Carlos Montes, certific\u00f3 a m\u00e1s de 40 dirigentas\/es de Comit\u00e9s de Vivienda, campamentos, Quiero Mi Barrio y Juntas de Vecinos de \u00d1uble. Tras siete clases que se extendieron entre septiembre y octubre, la ceremonia culmin\u00f3 el desarrollo de la Escuela de Dirigentes Sociales.<\/p>\n<p style=\"text-align: justify;\">\u201cHabitando el rol de dirigentes\/as sociales de la vivienda: habilidades para la acci\u00f3n colectiva\u00bb fue el nombre del proyecto educativo que impuls\u00f3 el MINVU en la regi\u00f3n, tras coordinar un convenio con el Centro de Intervenci\u00f3n e Investigaci\u00f3n Social de la Escuela de Trabajo Social (CIISETS) de la Universidad del Biob\u00edo.<\/p>\n<p style=\"text-align: justify;\">\u201cEl ciclo formativo tuvo como objetivo fortalecer las capacidades de gesti\u00f3n, mediaci\u00f3n y participaci\u00f3n comunitaria de los dirigentes, asegurando que puedan desempe\u00f1ar su rol de manera efectiva, en sinton\u00eda con las necesidades y expectativas de sus comunidades\u201d explic\u00f3 el Seremi Antonio Marchant.<\/p>\n<p style=\"text-align: justify;\">En relaci\u00f3n a la vinculaci\u00f3n entre el Estado y la academia, el ministro Montes se\u00f1al\u00f3 que se \u201cretoma algo la historia de Chile, porque esto se hizo mucho en otras \u00e9pocas. En el Gobierno del Presidente Allende, la universidad era un lugar de formaci\u00f3n de trabajadores muy importante y tambi\u00e9n de distintas l\u00edneas de formaci\u00f3n de dirigentes. Porque formar dirigentes, o ayudar o fortalecer esa formaci\u00f3n, tiene mucho que ver con fortalecer el tejido social y la democracia\u201d.<\/p>\n<p style=\"text-align: justify;\">\u201cEl balance es muy positivo, hemos aprendido t\u00e9cnicas nuevas en comunicaci\u00f3n, gesti\u00f3n y liderazgo, en saber priorizar las inquietudes y necesidades de los sectores en donde vivimos. Este curso ha sido la mejor v\u00eda porque tenemos al Gobierno y la educaci\u00f3n trabajando en conjunto para el mismo fin\u201d, coment\u00f3 Blas Luna de la poblaci\u00f3n El Roble, quien particip\u00f3 junto a Rosa Panes, Sara Medina, y Amparito Lepe, en representaci\u00f3n de Yungay.<\/p>\n<p style=\"text-align: justify;\">El profesor y coordinador acad\u00e9mico de CIISETS, H\u00e9ctor Vargas, indic\u00f3 que el ciclo formativo sirvi\u00f3 para \u201creconocerse como sujetos que aprendemos con otros, la interacci\u00f3n al exponer nuestra propia experiencia significa mucho para ver nuevas perspectivas. Vimos que muchos dirigentes aspiran a llevar todo este conocimiento a sus organizaciones, entonces buscamos impacto con el aprendizaje colectivo\u201d.<\/p>\n<p>&nbsp;<\/p>\n<p>&nbsp;<\/p>\n<p style=\"text-align: center;\"><strong>FOTOGRAF\u00cdAS:<\/strong><\/p>\n<p style=\"text-align: center;\"><iframe loading=\"lazy\" style=\"border: none; overflow: hidden;\" src=\"https:\/\/www.facebook.com\/plugins\/post.php?href=https%3A%2F%2Fwww.facebook.com%2Fyungayino.cl%2Fposts%2Fpfbid02vEcMPKg7ucvpWVfpxfPbrPFZaQxmvW8vFYSqyMQXFbwTkADdFBnt4hbJTGR7w4Qjl&amp;show_text=true&amp;width=500\" width=\"500\" height=\"250\" frameborder=\"0\" scrolling=\"no\" allowfullscreen=\"allowfullscreen\"><\/iframe><\/p>\n","protected":false},"excerpt":{"rendered":"<p>\u00d1uble, noviembre 2024: El ministro de Vivienda y Urbanismo, Carlos Montes, certific\u00f3 a m\u00e1s de 40 dirigentas\/es de Comit\u00e9s de Vivienda, campamentos, Quiero Mi Barrio y Juntas de Vecinos de \u00d1uble. Tras siete clases&#46;&#46;&#46;<\/p>\n","protected":false},"author":2,"featured_media":32058,"comment_status":"closed","ping_status":"closed","sticky":false,"template":"","format":"standard","meta":{"footnotes":""},"categories":[1],"tags":[3289,1115,1678,2694,8,6,117],"class_list":["post-32057","post","type-post","status-publish","format-standard","has-post-thumbnail","hentry","category-noticias","tag-dirigentes","tag-noticias","tag-nuble","tag-quiero-mi-barrio","tag-yungay","tag-yungayino","tag-yungayinocl"],"_links":{"self":[{"href":"https:\/\/www.yungayino.cl\/noticias\/index.php?rest_route=\/wp\/v2\/posts\/32057","targetHints":{"allow":["GET"]}}],"collection":[{"href":"https:\/\/www.yungayino.cl\/noticias\/index.php?rest_route=\/wp\/v2\/posts"}],"about":[{"href":"https:\/\/www.yungayino.cl\/noticias\/index.php?rest_route=\/wp\/v2\/types\/post"}],"author":[{"embeddable":true,"href":"https:\/\/www.yungayino.cl\/noticias\/index.php?rest_route=\/wp\/v2\/users\/2"}],"replies":[{"embeddable":true,"href":"https:\/\/www.yungayino.cl\/noticias\/index.php?rest_route=%2Fwp%2Fv2%2Fcomments&post=32057"}],"version-history":[{"count":2,"href":"https:\/\/www.yungayino.cl\/noticias\/index.php?rest_route=\/wp\/v2\/posts\/32057\/revisions"}],"predecessor-version":[{"id":32060,"href":"https:\/\/www.yungayino.cl\/noticias\/index.php?rest_route=\/wp\/v2\/posts\/32057\/revisions\/32060"}],"wp:featuredmedia":[{"embeddable":true,"href":"https:\/\/www.yungayino.cl\/noticias\/index.php?rest_route=\/wp\/v2\/media\/32058"}],"wp:attachment":[{"href":"https:\/\/www.yungayino.cl\/noticias\/index.php?rest_route=%2Fwp%2Fv2%2Fmedia&parent=32057"}],"wp:term":[{"taxonomy":"category","embeddable":true,"href":"https:\/\/www.yungayino.cl\/noticias\/index.php?rest_route=%2Fwp%2Fv2%2Fcategories&post=32057"},{"taxonomy":"post_tag","embeddable":true,"href":"https:\/\/www.yungayino.cl\/noticias\/index.php?rest_route=%2Fwp%2Fv2%2Ftags&post=32057"}],"curies":[{"name":"wp","href":"https:\/\/api.w.org\/{rel}","templated":true}]}}