{"id":32070,"date":"2024-11-16T19:00:12","date_gmt":"2024-11-16T22:00:12","guid":{"rendered":"https:\/\/www.yungayino.cl\/noticias\/?p=32070"},"modified":"2024-11-19T19:51:18","modified_gmt":"2024-11-19T22:51:18","slug":"proyecto-bordando-recuerdos-en-yungay","status":"publish","type":"post","link":"https:\/\/www.yungayino.cl\/noticias\/?p=32070","title":{"rendered":"Proyecto \u201cBordando Recuerdos\u201d en Yungay"},"content":{"rendered":"<p><img loading=\"lazy\" decoding=\"async\" class=\"alignnone wp-image-32071 size-full\" src=\"https:\/\/www.yungayino.cl\/noticias\/wp-content\/uploads\/2024\/11\/bordando-recuerdos.jpg\" alt=\"\" width=\"700\" height=\"350\" srcset=\"https:\/\/www.yungayino.cl\/noticias\/wp-content\/uploads\/2024\/11\/bordando-recuerdos.jpg 700w, https:\/\/www.yungayino.cl\/noticias\/wp-content\/uploads\/2024\/11\/bordando-recuerdos-300x150.jpg 300w\" sizes=\"auto, (max-width: 700px) 100vw, 700px\" \/><\/p>\n<p style=\"text-align: justify;\">Yungay, noviembre 2024: En el sector El Cardal el alcalde Rafael Cifuentes Rodr\u00edguez, la directora del Departamento de Desarrollo Comunitario, Pamela Jelves y la jefa de la divisi\u00f3n de Desarrollo Social y Humano del Gobierno Regional, Tamara Valenzuela participaron del lanzamiento del proyecto \u201cBordando Recuerdos\u201d financiado a trav\u00e9s del Gobierno Regional de \u00d1uble.<\/p>\n<p style=\"text-align: justify;\">Gracias a esta iniciativa que forma parte del fondo de Vinculaci\u00f3n con la Comunidad 8%, el taller de manualidades Bordando Sue\u00f1os, adquiri\u00f3 material textil, dos m\u00e1quinas bordadoras, entre otros equipamientos que les permitir\u00e1 continuar desarrollando su creatividad por medio de diversas t\u00e9cnicas de bordado.<\/p>\n<p style=\"text-align: justify;\">Felicitamos a las vecinas del taller por esta importante iniciativa que les permitir\u00e1 aumentar su aprendizaje y perfeccionar su t\u00e9cnica.<\/p>\n","protected":false},"excerpt":{"rendered":"<p>Yungay, noviembre 2024: En el sector El Cardal el alcalde Rafael Cifuentes Rodr\u00edguez, la directora del Departamento de Desarrollo Comunitario, Pamela Jelves y la jefa de la divisi\u00f3n de Desarrollo Social y Humano del&#46;&#46;&#46;<\/p>\n","protected":false},"author":2,"featured_media":32071,"comment_status":"closed","ping_status":"closed","sticky":false,"template":"","format":"standard","meta":{"footnotes":""},"categories":[1],"tags":[1115,2909,8,6,117],"class_list":["post-32070","post","type-post","status-publish","format-standard","has-post-thumbnail","hentry","category-noticias","tag-noticias","tag-taller","tag-yungay","tag-yungayino","tag-yungayinocl"],"_links":{"self":[{"href":"https:\/\/www.yungayino.cl\/noticias\/index.php?rest_route=\/wp\/v2\/posts\/32070","targetHints":{"allow":["GET"]}}],"collection":[{"href":"https:\/\/www.yungayino.cl\/noticias\/index.php?rest_route=\/wp\/v2\/posts"}],"about":[{"href":"https:\/\/www.yungayino.cl\/noticias\/index.php?rest_route=\/wp\/v2\/types\/post"}],"author":[{"embeddable":true,"href":"https:\/\/www.yungayino.cl\/noticias\/index.php?rest_route=\/wp\/v2\/users\/2"}],"replies":[{"embeddable":true,"href":"https:\/\/www.yungayino.cl\/noticias\/index.php?rest_route=%2Fwp%2Fv2%2Fcomments&post=32070"}],"version-history":[{"count":1,"href":"https:\/\/www.yungayino.cl\/noticias\/index.php?rest_route=\/wp\/v2\/posts\/32070\/revisions"}],"predecessor-version":[{"id":32072,"href":"https:\/\/www.yungayino.cl\/noticias\/index.php?rest_route=\/wp\/v2\/posts\/32070\/revisions\/32072"}],"wp:featuredmedia":[{"embeddable":true,"href":"https:\/\/www.yungayino.cl\/noticias\/index.php?rest_route=\/wp\/v2\/media\/32071"}],"wp:attachment":[{"href":"https:\/\/www.yungayino.cl\/noticias\/index.php?rest_route=%2Fwp%2Fv2%2Fmedia&parent=32070"}],"wp:term":[{"taxonomy":"category","embeddable":true,"href":"https:\/\/www.yungayino.cl\/noticias\/index.php?rest_route=%2Fwp%2Fv2%2Fcategories&post=32070"},{"taxonomy":"post_tag","embeddable":true,"href":"https:\/\/www.yungayino.cl\/noticias\/index.php?rest_route=%2Fwp%2Fv2%2Ftags&post=32070"}],"curies":[{"name":"wp","href":"https:\/\/api.w.org\/{rel}","templated":true}]}}