{"id":32091,"date":"2024-11-26T07:00:52","date_gmt":"2024-11-26T10:00:52","guid":{"rendered":"https:\/\/www.yungayino.cl\/noticias\/?p=32091"},"modified":"2024-11-25T20:52:46","modified_gmt":"2024-11-25T23:52:46","slug":"autoridades-invitan-a-empresas-de-nuble-a-sumarse-a-la-red-de-empresas-chile-cuida","status":"publish","type":"post","link":"https:\/\/www.yungayino.cl\/noticias\/?p=32091","title":{"rendered":"Autoridades Invitan A Empresas De \u00d1uble A Sumarse A La Red De Empresas Chile Cuida"},"content":{"rendered":"<p><img loading=\"lazy\" decoding=\"async\" class=\"alignnone wp-image-32093 size-full\" src=\"https:\/\/www.yungayino.cl\/noticias\/wp-content\/uploads\/2024\/11\/empresas.jpg\" alt=\"\" width=\"700\" height=\"350\" srcset=\"https:\/\/www.yungayino.cl\/noticias\/wp-content\/uploads\/2024\/11\/empresas.jpg 700w, https:\/\/www.yungayino.cl\/noticias\/wp-content\/uploads\/2024\/11\/empresas-300x150.jpg 300w\" sizes=\"auto, (max-width: 700px) 100vw, 700px\" \/><\/p>\n<p style=\"text-align: justify;\">\u00d1uble, noviembre 2024: Son 13 las empresas e instituciones que a nivel nacional han adherido a la Red de Empresas Chile Cuida, con descuentos y una atenci\u00f3n preferencial para personas cuidadoras inscritas en el Registro Social de Hogares.<\/p>\n<p style=\"text-align: justify;\">En \u00d1uble, la empresa social SOFAN es la primera en integrar la Red a nivel regional.<\/p>\n<p style=\"text-align: justify;\">En el marco del D\u00eda Internacional de las Personas Cuidadoras, \u00a0la\u00a0 seremi de Desarrollo Social y Familia, Marta Carvajal; junto a su par de la Mujer y la Equidad de G\u00e9nero, Constanza Sanchez; y \u00a0el seremi de Econom\u00eda, Fomento y Turismo, Erick Solo de Zald\u00edvar, presentaron los nuevos beneficios anunciados por el Gobierno del Presidente Gabriel Boric para las personas cuidadoras inscritas en el Registro Social de Hogares, \u00a0de la mano de las primeras 13 empresas e instituciones que se unieron a la Red de Empresas Chile Cuida.<\/p>\n<p style=\"text-align: justify;\">\u201cEn la l\u00ednea de poder avanzar\u00a0 con las distintas pol\u00edticas p\u00fablicas es que hemos promovido y\u00a0 avanzado junto al Presidente de la Rep\u00fablica, el d\u00eda 5 de noviembre, \u00a0lanzando\u00a0 la Red de empresas Chile Cuida, \u00a0una asociaci\u00f3n entre la alianza publico &#8211; privada que realizamos como ministerio con el fin de poder otorgar distintos beneficios a las\u00a0 cuidadoras que se encuentran inscritas en el Registro Social de Hogares, \u00a0ya sea\u00a0 en materia de atenci\u00f3n preferente como otro tipo de beneficios asociados a descuentos seg\u00fan la l\u00ednea de la empresa. Es por eso que hoy d\u00eda queremos hacer el llamado a las distintas empresas de \u00d1uble a poder inscribirse en la Red Chile Cuida\u201d, detall\u00f3 la Seremi de Desarrollo Social y Familia, Marta Carvajal.<\/p>\n<p style=\"text-align: justify;\">Por su parte, el seremi de Econom\u00eda, Fomento y Turismo, Erick Solo de Zald\u00edvar\u00a0 destac\u00f3: \u201cEl\u00a0 gobierno del Presidente Gabriel Boric ha puesto en el coraz\u00f3n de su agenda el Sistema Nacional de Cuidados y lo est\u00e1 estableciendo como una pol\u00edtica de estado y, en particular, \u00a0lo que nos convoca el d\u00eda de hoy es hacer un llamado a las empresas publico privadas\u00a0 a sumarse a esta iniciativa de corresponsabilidad social que contempla la\u00a0 implementaci\u00f3n de beneficios \u00a0o atenciones preferenciales para las personas que presentan su credencial de persona cuidadora. Las empresas participantes van a tener la posibilidad de ofrecer de manera voluntaria descuentos o atenci\u00f3n preferente para las personas cuidadoras as\u00ed que hacemos extensiva la invitaci\u00f3n a las empresas de \u00d1uble a que se sumen a esta importante cruzada. Ya se han sumado empresas importantes a nivel pa\u00eds como Farmacia Cruz Verde, Caja de Compensaci\u00f3n Los H\u00e9roes, Lipigas y Red Farma que tiene presencia en la regi\u00f3n \u201c.<\/p>\n<p style=\"text-align: justify;\">En tanto, la seremi de la Mujer y la Equidad de G\u00e9nero, Constanza S\u00e1nchez, relev\u00f3 que \u201cestamos respondiendo al compromiso del presidente Gabriel Boric que entre todas y todos debemos hacernos cargos del tema de los cuidados, una labor que de manera hist\u00f3rica ha sido ejercida por mujeres, esto lo podemos ver\u00a0 en el registro de cuidadores y cuidadoras a nivel nacional, que de 144 mil personas, el 86 % son mujeres, una realidad que tambi\u00e9n est\u00e1 presente en \u00d1uble, lo que desencadena problemas como falta de tiempo para ellas mismas y falta de recursos econ\u00f3micos, por no estar en el mercado laboral. \u00a0Esta nueva alianza con las empresas privadas viene a mejorar aspectos del d\u00eda a d\u00eda, reduciendo los tiempos por ejemplo al hacer una fila preferencial o tambi\u00e9n un aporte en descuentos econ\u00f3micos que alivian el bolsillo a muchas mujeres que se encuentran solas en la tarea del cuidado.<\/p>\n<p style=\"text-align: justify;\">En la ocasi\u00f3n, las autoridades presentaron a la primera empresa de la regi\u00f3n adherida a la iniciativa. Se trata de SOFAN empresa social que trabaja desde Yungay que impulsa la inclusi\u00f3n laboral de j\u00f3venes y personas con discapacidad apoyando a la vez a cuidadores y cuidadoras con est\u00e1ndares de accesibilidad universal<\/p>\n<p style=\"text-align: justify;\">\u00a0En esa l\u00ednea, el presidente de SOFAN, Rodrigo Moreno, afirm\u00f3 que \u201cestamos felices de poder sumarnos a la Red Chile Cuida porque creemos que el sector privado tiene que jugar un rol protagonista junto al mundo p\u00fablico en poder relevar la importancia de las y los cuidadores; es un cambio cultural relevante donde desde las regiones podemos apoyar e incidir en la pol\u00edtica p\u00fablica para que realmente se valore y se pueda proyectar en el tiempo esta pol\u00edtica p\u00fablica\u201d.<\/p>\n<p style=\"text-align: justify;\">Para acceder a los beneficios, es requisito estar inscrita como persona cuidadora en el Registro Social de Hogares, RSH. Actualmente, hay m\u00e1s de 144 mil personas inscritas y para registrarse, se debe ingresar a registrosocial.gob.cl. El detalle de los beneficios y del Sistema Nacional de Apoyos y Cuidados est\u00e1 en <a href=\"http:\/\/www.chilecuida.cl\">www.chilecuida.cl<\/a><\/p>\n<p style=\"text-align: justify;\">Las autoridades, adem\u00e1s, lanzaron una campa\u00f1a para explicar y concientizar sobre los cuidados y destacar los avances ya alcanzados en la implementaci\u00f3n de Chile Cuida.<\/p>\n<p style=\"text-align: justify;\">Detalles de los beneficios<\/p>\n<table width=\"623\">\n<tbody>\n<tr style=\"text-align: justify;\">\n<td width=\"196\">EMPRESA<\/td>\n<td width=\"111\">COBERTURA<\/td>\n<td width=\"316\">BENEFICIO<\/td>\n<\/tr>\n<tr style=\"text-align: justify;\">\n<td width=\"196\">Farmacias Cruz Verde<\/td>\n<td width=\"111\">Nacional<\/td>\n<td width=\"316\">Descuentos:\u00a020% en productos de higiene personal y belleza; 12% en medicamentos y vitaminas y 5% en lista universal.<\/td>\n<\/tr>\n<tr style=\"text-align: justify;\">\n<td width=\"196\">Redfarma (Farmacia)<\/td>\n<td width=\"111\">Biob\u00edo y otras regiones<\/td>\n<td width=\"316\"><u>Atenci\u00f3n preferencial<\/u>.\u00a0Descuentos:\u00a015% en medicamentos gen\u00e9ricos, 10% en medicamentos con receta m\u00e9dica; naturales y suplementos alimenticios y 5% en perfumer\u00eda. Los descuentos pueden ser acumulables entre s\u00ed.\u00a0\u00a0Despacho preferencial gratuito con entrega en 24 horas.<\/td>\n<\/tr>\n<tr style=\"text-align: justify;\">\n<td width=\"196\">Doi Family\u00a0(Ayudas T\u00e9cnicas)<\/td>\n<td width=\"111\">Metropolitana<\/td>\n<td width=\"316\">Descuentos:\u00a010% de descuento en todos los productos, con cualquier medio de pago, presentando la credencial de persona cuidadora.\u00a0 Atenci\u00f3n personalizada, con opci\u00f3n de visita domiciliaria, presentando la credencial de persona cuidadora.<\/td>\n<\/tr>\n<tr style=\"text-align: justify;\">\n<td width=\"196\">Examedi\u00a0(Servicio M\u00e9dico a Domicilio)<\/td>\n<td width=\"111\">Metropolitana<\/td>\n<td width=\"316\">Descuentos:\u00a010% para los servicios de toma de muestra a domicilio y para el servicio de tele psicolog\u00eda.\u00a0\u00a0Toma de muestra a domicilio, incluye ex\u00e1menes de laboratorio para m\u00e1s de 3.000 ex\u00e1menes\/procedimientos distintos.\u00a0\u00a0<u>Atenci\u00f3n preferencial.<\/u><\/td>\n<\/tr>\n<tr style=\"text-align: justify;\">\n<td width=\"196\">MEDIHU\u00a0(Servicio M\u00e9dico a Domicilio)<\/td>\n<td width=\"111\">Antofagasta<\/td>\n<td width=\"316\">Descuentos:\u00a0 20% en el valor de la consulta m\u00e9dico-domiciliaria en la comuna de Antofagasta; 10% en consulta por telemedicina en todo Chile y 10% en terapia respiratoria (micronebulizaciones). Gratis las aplicaciones de medicamentos intramusculares.<\/td>\n<\/tr>\n<tr style=\"text-align: justify;\">\n<td width=\"196\">ARPAL Chile\u00a0(Transporte)<\/td>\n<td width=\"111\">Metropolitana<\/td>\n<td width=\"316\">Descuentos:\u00a020% en tarifas de mercado para servicio de transporte modalidad \u00abParticulares\u201d (servicio puerta a puerta con previa reserva de 48 horas)<\/td>\n<\/tr>\n<tr style=\"text-align: justify;\">\n<td width=\"196\">Laboratorio Vital LAB\u00a0(Servicio M\u00e9dico a domicilio)<\/td>\n<td width=\"111\">Antofagasta<\/td>\n<td width=\"316\">Descuento:\u00a015% en el copago de los ex\u00e1menes cl\u00ednicos<\/td>\n<\/tr>\n<tr style=\"text-align: justify;\">\n<td width=\"196\">ERREVE\u00a0(Servicios de calefacci\u00f3n)<\/td>\n<td width=\"111\">Los Lagos<\/td>\n<td width=\"316\">Descuento:\u00a010% en productos de calefacci\u00f3n para el hogar (combusti\u00f3n lenta, estufas a pellet, aire acondicionado, kit de ca\u00f1os).\u00a0\u00a0Servicios gratuitos: Flete y descarga gratis dentro de la Provincia de Llanquihue Continental para todos los calefactores y aires acondicionados comprados.\u00a0\u00a020 servicios anuales gratuitos para estufas a le\u00f1a de casas de un piso en la Provincia de Llanquihue Continental. Dirigido a 20 hogares diferentes dentro del a\u00f1o en curso<\/td>\n<\/tr>\n<tr style=\"text-align: justify;\">\n<td width=\"196\">Insumos M\u00e9dicos y Ortopedia La Uni\u00f3n\u00a0\u00a0(Ayudas t\u00e9cnicas)<\/td>\n<td width=\"111\">Los R\u00edos<\/td>\n<td width=\"316\">Descuentos:\u00a015% en insumos m\u00e9dicos y art\u00edculos ortop\u00e9dicos y 10% en ayudas t\u00e9cnicas.\u00a0Precio al por mayor de pa\u00f1ales, desde una unidad. Servicio gratuito: Despacho a domicilio sin costo dentro de las comunas de La Uni\u00f3n y R\u00edo Bueno.<\/td>\n<\/tr>\n<tr style=\"text-align: justify;\">\n<td width=\"196\">Boticamed\u00a0(Ayudas t\u00e9cnicas)<\/td>\n<td width=\"111\">Metropolitana<\/td>\n<td width=\"316\">Descuento:\u00a010% en mobiliario cl\u00ednico y productos marca Orliman<\/td>\n<\/tr>\n<tr style=\"text-align: justify;\">\n<td width=\"196\">Jama M\u00e9dica\u00a0(Ayudas t\u00e9cnicas)<\/td>\n<td width=\"111\">Tarapac\u00e1<\/td>\n<td width=\"316\">Descuentos:\u00a010% en ayudas t\u00e9cnicas; 10% en productos de ortopedia; 8% en insumos en general y 5% en medias compresivas<\/td>\n<\/tr>\n<tr style=\"text-align: justify;\">\n<td width=\"196\">CCF Los H\u00e9roes (Caja de Compensaci\u00f3n Familiar)<\/td>\n<td width=\"111\">Nacional<\/td>\n<td width=\"316\">Atenci\u00f3n preferencial desde las 15.00 horas\u00a0en todas las sucursales de CCAF LOS HEROES.\u00a0Promoci\u00f3n de la Credencial de Persona Cuidadora y de Chile Cuida en todas las sucursales de Los H\u00e9roes.<\/td>\n<\/tr>\n<tr>\n<td style=\"text-align: justify;\" width=\"196\">Lipigas\u00a0Comercializadora y Distribuidora de Gas Licuado GLP\u00a0)<\/td>\n<td style=\"text-align: justify;\" width=\"111\">?\u00a0Nacional<\/td>\n<td width=\"316\">\n<p style=\"text-align: justify;\">Descuento: 20% en cargas de gas en formatos de 5, 11 y 15 kilos. El descuento no es acumulable con otras promociones y solo aplicable llamando a call center 600 600 6200 o ingresando a App mi cilindro o web Lipigas. El descuento es v\u00e1lido por un m\u00e1ximo de 2 compras al mes y con un m\u00e1ximo 2 cargas por compra.<\/p>\n<\/td>\n<\/tr>\n<\/tbody>\n<\/table>\n","protected":false},"excerpt":{"rendered":"<p>\u00d1uble, noviembre 2024: Son 13 las empresas e instituciones que a nivel nacional han adherido a la Red de Empresas Chile Cuida, con descuentos y una atenci\u00f3n preferencial para personas cuidadoras inscritas en el&#46;&#46;&#46;<\/p>\n","protected":false},"author":2,"featured_media":32093,"comment_status":"closed","ping_status":"closed","sticky":false,"template":"","format":"standard","meta":{"footnotes":""},"categories":[1],"tags":[1115,1678,3293,8,6,117],"class_list":["post-32091","post","type-post","status-publish","format-standard","has-post-thumbnail","hentry","category-noticias","tag-noticias","tag-nuble","tag-red-de-empresas-chile-cuida","tag-yungay","tag-yungayino","tag-yungayinocl"],"_links":{"self":[{"href":"https:\/\/www.yungayino.cl\/noticias\/index.php?rest_route=\/wp\/v2\/posts\/32091","targetHints":{"allow":["GET"]}}],"collection":[{"href":"https:\/\/www.yungayino.cl\/noticias\/index.php?rest_route=\/wp\/v2\/posts"}],"about":[{"href":"https:\/\/www.yungayino.cl\/noticias\/index.php?rest_route=\/wp\/v2\/types\/post"}],"author":[{"embeddable":true,"href":"https:\/\/www.yungayino.cl\/noticias\/index.php?rest_route=\/wp\/v2\/users\/2"}],"replies":[{"embeddable":true,"href":"https:\/\/www.yungayino.cl\/noticias\/index.php?rest_route=%2Fwp%2Fv2%2Fcomments&post=32091"}],"version-history":[{"count":2,"href":"https:\/\/www.yungayino.cl\/noticias\/index.php?rest_route=\/wp\/v2\/posts\/32091\/revisions"}],"predecessor-version":[{"id":32095,"href":"https:\/\/www.yungayino.cl\/noticias\/index.php?rest_route=\/wp\/v2\/posts\/32091\/revisions\/32095"}],"wp:featuredmedia":[{"embeddable":true,"href":"https:\/\/www.yungayino.cl\/noticias\/index.php?rest_route=\/wp\/v2\/media\/32093"}],"wp:attachment":[{"href":"https:\/\/www.yungayino.cl\/noticias\/index.php?rest_route=%2Fwp%2Fv2%2Fmedia&parent=32091"}],"wp:term":[{"taxonomy":"category","embeddable":true,"href":"https:\/\/www.yungayino.cl\/noticias\/index.php?rest_route=%2Fwp%2Fv2%2Fcategories&post=32091"},{"taxonomy":"post_tag","embeddable":true,"href":"https:\/\/www.yungayino.cl\/noticias\/index.php?rest_route=%2Fwp%2Fv2%2Ftags&post=32091"}],"curies":[{"name":"wp","href":"https:\/\/api.w.org\/{rel}","templated":true}]}}