{"id":32098,"date":"2024-11-25T20:00:39","date_gmt":"2024-11-25T23:00:39","guid":{"rendered":"https:\/\/www.yungayino.cl\/noticias\/?p=32098"},"modified":"2024-11-25T20:55:40","modified_gmt":"2024-11-25T23:55:40","slug":"banda-de-guerra-adquiere-nuevos-uniformes","status":"publish","type":"post","link":"https:\/\/www.yungayino.cl\/noticias\/?p=32098","title":{"rendered":"Banda De Guerra Adquiere Nuevos Uniformes"},"content":{"rendered":"<p><img loading=\"lazy\" decoding=\"async\" class=\"alignnone wp-image-32099 size-full\" src=\"https:\/\/www.yungayino.cl\/noticias\/wp-content\/uploads\/2024\/11\/banda-de-guerra.jpg\" alt=\"\" width=\"700\" height=\"350\" srcset=\"https:\/\/www.yungayino.cl\/noticias\/wp-content\/uploads\/2024\/11\/banda-de-guerra.jpg 700w, https:\/\/www.yungayino.cl\/noticias\/wp-content\/uploads\/2024\/11\/banda-de-guerra-300x150.jpg 300w\" sizes=\"auto, (max-width: 700px) 100vw, 700px\" \/><\/p>\n<p style=\"text-align: justify;\">Yungay, noviembre 2024: En una ceremonia que congreg\u00f3 al alcalde Rafael Cifuentes Rodr\u00edguez y autoridades locales, la banda de Guerra realiz\u00f3 el lanzamiento del proyecto \u00abUniformes Nuevos para Nuestra Banda\u00bb financiado a trav\u00e9s del fondo Vinculaci\u00f3n con la Comunidad 8% en el \u00e1mbito social.<\/p>\n<p style=\"text-align: justify;\">Gracias al proyecto financiado por el Gobierno Regional de \u00d1uble, la agrupaci\u00f3n obtuvo nuevas chaquetas para cada uno de los integrantes de la banda, lo que les permitir\u00e1 seguir destac\u00e1ndose en sus presentaciones tanto dentro como fuera de la comuna.<\/p>\n","protected":false},"excerpt":{"rendered":"<p>Yungay, noviembre 2024: En una ceremonia que congreg\u00f3 al alcalde Rafael Cifuentes Rodr\u00edguez y autoridades locales, la banda de Guerra realiz\u00f3 el lanzamiento del proyecto \u00abUniformes Nuevos para Nuestra Banda\u00bb financiado a trav\u00e9s del&#46;&#46;&#46;<\/p>\n","protected":false},"author":2,"featured_media":32099,"comment_status":"closed","ping_status":"closed","sticky":false,"template":"","format":"standard","meta":{"footnotes":""},"categories":[1],"tags":[805,1115,8,6,117],"class_list":["post-32098","post","type-post","status-publish","format-standard","has-post-thumbnail","hentry","category-noticias","tag-banda-de-guerra","tag-noticias","tag-yungay","tag-yungayino","tag-yungayinocl"],"_links":{"self":[{"href":"https:\/\/www.yungayino.cl\/noticias\/index.php?rest_route=\/wp\/v2\/posts\/32098","targetHints":{"allow":["GET"]}}],"collection":[{"href":"https:\/\/www.yungayino.cl\/noticias\/index.php?rest_route=\/wp\/v2\/posts"}],"about":[{"href":"https:\/\/www.yungayino.cl\/noticias\/index.php?rest_route=\/wp\/v2\/types\/post"}],"author":[{"embeddable":true,"href":"https:\/\/www.yungayino.cl\/noticias\/index.php?rest_route=\/wp\/v2\/users\/2"}],"replies":[{"embeddable":true,"href":"https:\/\/www.yungayino.cl\/noticias\/index.php?rest_route=%2Fwp%2Fv2%2Fcomments&post=32098"}],"version-history":[{"count":1,"href":"https:\/\/www.yungayino.cl\/noticias\/index.php?rest_route=\/wp\/v2\/posts\/32098\/revisions"}],"predecessor-version":[{"id":32100,"href":"https:\/\/www.yungayino.cl\/noticias\/index.php?rest_route=\/wp\/v2\/posts\/32098\/revisions\/32100"}],"wp:featuredmedia":[{"embeddable":true,"href":"https:\/\/www.yungayino.cl\/noticias\/index.php?rest_route=\/wp\/v2\/media\/32099"}],"wp:attachment":[{"href":"https:\/\/www.yungayino.cl\/noticias\/index.php?rest_route=%2Fwp%2Fv2%2Fmedia&parent=32098"}],"wp:term":[{"taxonomy":"category","embeddable":true,"href":"https:\/\/www.yungayino.cl\/noticias\/index.php?rest_route=%2Fwp%2Fv2%2Fcategories&post=32098"},{"taxonomy":"post_tag","embeddable":true,"href":"https:\/\/www.yungayino.cl\/noticias\/index.php?rest_route=%2Fwp%2Fv2%2Ftags&post=32098"}],"curies":[{"name":"wp","href":"https:\/\/api.w.org\/{rel}","templated":true}]}}