{"id":32120,"date":"2024-11-27T13:00:02","date_gmt":"2024-11-27T16:00:02","guid":{"rendered":"https:\/\/www.yungayino.cl\/noticias\/?p=32120"},"modified":"2024-11-27T14:12:59","modified_gmt":"2024-11-27T17:12:59","slug":"club-deportivo-pangal-del-laja-recibe-implementacion-deportiva","status":"publish","type":"post","link":"https:\/\/www.yungayino.cl\/noticias\/?p=32120","title":{"rendered":"Club Deportivo Pangal del Laja Recibe Implementaci\u00f3n Deportiva"},"content":{"rendered":"<p><img loading=\"lazy\" decoding=\"async\" class=\"alignnone wp-image-32121 size-full\" src=\"https:\/\/www.yungayino.cl\/noticias\/wp-content\/uploads\/2024\/11\/portada-6.jpg\" alt=\"\" width=\"700\" height=\"350\" srcset=\"https:\/\/www.yungayino.cl\/noticias\/wp-content\/uploads\/2024\/11\/portada-6.jpg 700w, https:\/\/www.yungayino.cl\/noticias\/wp-content\/uploads\/2024\/11\/portada-6-300x150.jpg 300w\" sizes=\"auto, (max-width: 700px) 100vw, 700px\" \/><\/p>\n<p style=\"text-align: justify;\">Noviembre 2024: En el sector Pangal del Laja, se realiz\u00f3 la celebraci\u00f3n de la obtenci\u00f3n del proyecto del 8% del Regional Regional, los recursos obtenidos fueron destinados a implementaci\u00f3n deportiva para el Club Deportivo de Pangal del Laja, y as\u00ed ir equipando el futuro centro deportivo del sector, as\u00ed lo se\u00f1al\u00f3 su presidente, Sr. \u00c1ngel Bravo Y\u00e1\u00f1ez.<\/p>\n<p>&nbsp;<\/p>\n<p>&nbsp;<\/p>\n<p style=\"text-align: center;\"><strong>FOTOGRAF\u00cdAS:<\/strong><\/p>\n<p style=\"text-align: center;\"><iframe loading=\"lazy\" style=\"border: none; overflow: hidden;\" src=\"https:\/\/www.facebook.com\/plugins\/post.php?href=https%3A%2F%2Fwww.facebook.com%2Fyungayino.cl%2Fposts%2Fpfbid0fj9xBDrbN44KxGC6rF8kvjYkaM61Kh7E8uZTdfFuAf4cQqHgcy8hWMDytuM8JSXSl&amp;show_text=true&amp;width=500\" width=\"500\" height=\"809\" frameborder=\"0\" scrolling=\"no\" allowfullscreen=\"allowfullscreen\"><\/iframe><\/p>\n","protected":false},"excerpt":{"rendered":"<p>Noviembre 2024: En el sector Pangal del Laja, se realiz\u00f3 la celebraci\u00f3n de la obtenci\u00f3n del proyecto del 8% del Regional Regional, los recursos obtenidos fueron destinados a implementaci\u00f3n deportiva para el Club Deportivo&#46;&#46;&#46;<\/p>\n","protected":false},"author":2,"featured_media":32121,"comment_status":"closed","ping_status":"closed","sticky":false,"template":"","format":"standard","meta":{"footnotes":""},"categories":[17,1],"tags":[1120,1115,426,8,6,117],"class_list":["post-32120","post","type-post","status-publish","format-standard","has-post-thumbnail","hentry","category-deporte","category-noticias","tag-deporte","tag-noticias","tag-pangal-de-laja","tag-yungay","tag-yungayino","tag-yungayinocl"],"_links":{"self":[{"href":"https:\/\/www.yungayino.cl\/noticias\/index.php?rest_route=\/wp\/v2\/posts\/32120","targetHints":{"allow":["GET"]}}],"collection":[{"href":"https:\/\/www.yungayino.cl\/noticias\/index.php?rest_route=\/wp\/v2\/posts"}],"about":[{"href":"https:\/\/www.yungayino.cl\/noticias\/index.php?rest_route=\/wp\/v2\/types\/post"}],"author":[{"embeddable":true,"href":"https:\/\/www.yungayino.cl\/noticias\/index.php?rest_route=\/wp\/v2\/users\/2"}],"replies":[{"embeddable":true,"href":"https:\/\/www.yungayino.cl\/noticias\/index.php?rest_route=%2Fwp%2Fv2%2Fcomments&post=32120"}],"version-history":[{"count":3,"href":"https:\/\/www.yungayino.cl\/noticias\/index.php?rest_route=\/wp\/v2\/posts\/32120\/revisions"}],"predecessor-version":[{"id":32124,"href":"https:\/\/www.yungayino.cl\/noticias\/index.php?rest_route=\/wp\/v2\/posts\/32120\/revisions\/32124"}],"wp:featuredmedia":[{"embeddable":true,"href":"https:\/\/www.yungayino.cl\/noticias\/index.php?rest_route=\/wp\/v2\/media\/32121"}],"wp:attachment":[{"href":"https:\/\/www.yungayino.cl\/noticias\/index.php?rest_route=%2Fwp%2Fv2%2Fmedia&parent=32120"}],"wp:term":[{"taxonomy":"category","embeddable":true,"href":"https:\/\/www.yungayino.cl\/noticias\/index.php?rest_route=%2Fwp%2Fv2%2Fcategories&post=32120"},{"taxonomy":"post_tag","embeddable":true,"href":"https:\/\/www.yungayino.cl\/noticias\/index.php?rest_route=%2Fwp%2Fv2%2Ftags&post=32120"}],"curies":[{"name":"wp","href":"https:\/\/api.w.org\/{rel}","templated":true}]}}