{"id":32135,"date":"2024-11-30T10:00:20","date_gmt":"2024-11-30T13:00:20","guid":{"rendered":"https:\/\/www.yungayino.cl\/noticias\/?p=32135"},"modified":"2024-11-30T13:29:10","modified_gmt":"2024-11-30T16:29:10","slug":"catorce-familias-celebraron-inicio-de-la-construccion-de-sus-viviendas","status":"publish","type":"post","link":"https:\/\/www.yungayino.cl\/noticias\/?p=32135","title":{"rendered":"Catorce Familias Celebraron Inicio de la Construcci\u00f3n de sus Viviendas"},"content":{"rendered":"<p><img loading=\"lazy\" decoding=\"async\" class=\"alignnone wp-image-32136 size-full\" src=\"https:\/\/www.yungayino.cl\/noticias\/wp-content\/uploads\/2024\/11\/PORTADA-8.jpg\" alt=\"\" width=\"700\" height=\"350\" srcset=\"https:\/\/www.yungayino.cl\/noticias\/wp-content\/uploads\/2024\/11\/PORTADA-8.jpg 700w, https:\/\/www.yungayino.cl\/noticias\/wp-content\/uploads\/2024\/11\/PORTADA-8-300x150.jpg 300w\" sizes=\"auto, (max-width: 700px) 100vw, 700px\" \/><\/p>\n<p style=\"text-align: justify;\">Yungay, diciembre 2024: En un acto encabezado por el alcalde Rafael Cifuentes Rodr\u00edguez y el seremi de Vivienda y Urbanismo, Antonio Marchant Mass, 14 familias yungayinas celebraron el inicio de la construcci\u00f3n de sus esperadas viviendas.<\/p>\n<p style=\"text-align: justify;\">La ceremonia tuvo lugar en el sector El Castillo, donde se llev\u00f3 a cabo la simb\u00f3lica colocaci\u00f3n de la primera piedra del comit\u00e9 de vivienda CSR Yungay 2.<\/p>\n<p style=\"text-align: justify;\">El proyecto se enmarca en el Programa de Habitabilidad Rural (DS 10) del Ministerio de Vivienda y Urbanismo, una iniciativa que busca entregar soluciones habitacionales a familias que residen en zonas rurales o localidades urbanas con menos de 5.000 habitantes. Este subsidio permite la construcci\u00f3n de viviendas en terrenos propios, ajust\u00e1ndose a las necesidades de cada familia.<\/p>\n<p style=\"text-align: justify;\">El alcalde Rafael Cifuentes resalt\u00f3 el compromiso de las familias y el trabajo realizado por la oficina de vivienda municipal. \u201cEste es un importante paso para nuestra comuna, con viviendas dise\u00f1adas espec\u00edficamente para responder a las necesidades de los sectores rurales. Es el resultado del esfuerzo y perseverancia de estas familias,\u201d expres\u00f3.<\/p>\n<p>&nbsp;<\/p>\n<p>&nbsp;<\/p>\n<p style=\"text-align: center;\"><strong>FOTOGRAF\u00cdAS:<\/strong><\/p>\n<p style=\"text-align: center;\"><iframe loading=\"lazy\" style=\"border: none; overflow: hidden;\" src=\"https:\/\/www.facebook.com\/plugins\/post.php?href=https%3A%2F%2Fweb.facebook.com%2Fyungayino.cl%2Fposts%2Fpfbid0mHsa73f24ER9NZeNYWA2AhBYuh7yMZRX2gzcWnhZ5cftwmAMaAvgtdCXs2SKe1XWl&amp;show_text=true&amp;width=500\" width=\"500\" height=\"844\" frameborder=\"0\" scrolling=\"no\" allowfullscreen=\"allowfullscreen\"><\/iframe><\/p>\n","protected":false},"excerpt":{"rendered":"<p>Yungay, diciembre 2024: En un acto encabezado por el alcalde Rafael Cifuentes Rodr\u00edguez y el seremi de Vivienda y Urbanismo, Antonio Marchant Mass, 14 familias yungayinas celebraron el inicio de la construcci\u00f3n de sus&#46;&#46;&#46;<\/p>\n","protected":false},"author":2,"featured_media":32136,"comment_status":"closed","ping_status":"closed","sticky":false,"template":"","format":"standard","meta":{"footnotes":""},"categories":[1],"tags":[1115,1726,8,6,117],"class_list":["post-32135","post","type-post","status-publish","format-standard","has-post-thumbnail","hentry","category-noticias","tag-noticias","tag-viviendas","tag-yungay","tag-yungayino","tag-yungayinocl"],"_links":{"self":[{"href":"https:\/\/www.yungayino.cl\/noticias\/index.php?rest_route=\/wp\/v2\/posts\/32135","targetHints":{"allow":["GET"]}}],"collection":[{"href":"https:\/\/www.yungayino.cl\/noticias\/index.php?rest_route=\/wp\/v2\/posts"}],"about":[{"href":"https:\/\/www.yungayino.cl\/noticias\/index.php?rest_route=\/wp\/v2\/types\/post"}],"author":[{"embeddable":true,"href":"https:\/\/www.yungayino.cl\/noticias\/index.php?rest_route=\/wp\/v2\/users\/2"}],"replies":[{"embeddable":true,"href":"https:\/\/www.yungayino.cl\/noticias\/index.php?rest_route=%2Fwp%2Fv2%2Fcomments&post=32135"}],"version-history":[{"count":2,"href":"https:\/\/www.yungayino.cl\/noticias\/index.php?rest_route=\/wp\/v2\/posts\/32135\/revisions"}],"predecessor-version":[{"id":32138,"href":"https:\/\/www.yungayino.cl\/noticias\/index.php?rest_route=\/wp\/v2\/posts\/32135\/revisions\/32138"}],"wp:featuredmedia":[{"embeddable":true,"href":"https:\/\/www.yungayino.cl\/noticias\/index.php?rest_route=\/wp\/v2\/media\/32136"}],"wp:attachment":[{"href":"https:\/\/www.yungayino.cl\/noticias\/index.php?rest_route=%2Fwp%2Fv2%2Fmedia&parent=32135"}],"wp:term":[{"taxonomy":"category","embeddable":true,"href":"https:\/\/www.yungayino.cl\/noticias\/index.php?rest_route=%2Fwp%2Fv2%2Fcategories&post=32135"},{"taxonomy":"post_tag","embeddable":true,"href":"https:\/\/www.yungayino.cl\/noticias\/index.php?rest_route=%2Fwp%2Fv2%2Ftags&post=32135"}],"curies":[{"name":"wp","href":"https:\/\/api.w.org\/{rel}","templated":true}]}}