{"id":32145,"date":"2024-12-06T18:02:52","date_gmt":"2024-12-06T21:02:52","guid":{"rendered":"https:\/\/www.yungayino.cl\/noticias\/?p=32145"},"modified":"2024-12-06T18:04:47","modified_gmt":"2024-12-06T21:04:47","slug":"ceremonia-de-instalacion-del-concejo-municipal-de-yungay-periodo-2024-2028","status":"publish","type":"post","link":"https:\/\/www.yungayino.cl\/noticias\/?p=32145","title":{"rendered":"Ceremonia de Instalaci\u00f3n del Concejo Municipal de Yungay Per\u00edodo 2024 &#8211; 2028"},"content":{"rendered":"<p><img loading=\"lazy\" decoding=\"async\" class=\"alignnone wp-image-32146 size-full\" src=\"https:\/\/www.yungayino.cl\/noticias\/wp-content\/uploads\/2024\/12\/portada.jpg\" alt=\"\" width=\"700\" height=\"350\" srcset=\"https:\/\/www.yungayino.cl\/noticias\/wp-content\/uploads\/2024\/12\/portada.jpg 700w, https:\/\/www.yungayino.cl\/noticias\/wp-content\/uploads\/2024\/12\/portada-300x150.jpg 300w\" sizes=\"auto, (max-width: 700px) 100vw, 700px\" \/><\/p>\n<p style=\"text-align: justify;\">Yungay, diciembre 2024: Hoy viernes 6 de diciembre se llev\u00f3 a cabo la Sesi\u00f3n de Instalaci\u00f3n del Concejo Municipal, marcando el inicio de una nueva etapa de gesti\u00f3n en Yungay. El evento, realizado en el Sal\u00f3n Multiuso, cont\u00f3 con la participaci\u00f3n de autoridades regionales, representantes de la sociedad civil y vecinos de la comuna.<\/p>\n<p style=\"text-align: justify;\">En la ocasi\u00f3n, el reelecto alcalde, Rafael Cifuentes Rodr\u00edguez, prest\u00f3 juramento reafirmando su compromiso con el desarrollo de Yungay. Junto a \u00e9l, asumieron sus funciones los concejales: Berta Cid Jofr\u00e9, Juana Sandoval Rojas, Ren\u00e9 Cabezas Vallejos, Patricia Moncada Morales, Ang\u00e9lica Cabezas Gonz\u00e1lez y Rossana Inostroza Valenzuela.<\/p>\n<p style=\"text-align: justify;\">Durante la ceremonia, se destac\u00f3 el compromiso de las autoridades con la comunidad y su disposici\u00f3n a trabajar por el bienestar de todos los y las yungayinas. \u00abComo Concejo Municipal, estoy seguro que trabajaremos unidos para responder a las necesidades de nuestra gente y contribuir al desarrollo de nuestra querida comuna\u00bb, se\u00f1al\u00f3 el alcalde Rafael Cifuentes durante la ceremonia.<\/p>\n<p>&nbsp;<\/p>\n<p>&nbsp;<\/p>\n<p style=\"text-align: center;\"><strong>FOTOGRAF\u00cdAS:<\/strong><\/p>\n<p style=\"text-align: center;\"><iframe loading=\"lazy\" style=\"border: none; overflow: hidden;\" src=\"https:\/\/www.facebook.com\/plugins\/post.php?href=https%3A%2F%2Fwww.facebook.com%2Fyungayino.cl%2Fposts%2Fpfbid0XMinqBjaqUX7k5KCixzhJM44J2aRhq8gUceSm9u1C5esAHT5V4QseXMWnojtSu6Sl&amp;show_text=true&amp;width=500\" width=\"500\" height=\"761\" frameborder=\"0\" scrolling=\"no\" allowfullscreen=\"allowfullscreen\"><\/iframe><\/p>\n","protected":false},"excerpt":{"rendered":"<p>Yungay, diciembre 2024: Hoy viernes 6 de diciembre se llev\u00f3 a cabo la Sesi\u00f3n de Instalaci\u00f3n del Concejo Municipal, marcando el inicio de una nueva etapa de gesti\u00f3n en Yungay. El evento, realizado en&#46;&#46;&#46;<\/p>\n","protected":false},"author":2,"featured_media":32146,"comment_status":"closed","ping_status":"closed","sticky":false,"template":"","format":"standard","meta":{"footnotes":""},"categories":[3,14,1],"tags":[1431,521,2493,1115,8,6,117],"class_list":["post-32145","post","type-post","status-publish","format-standard","has-post-thumbnail","hentry","category-actualidad","category-historia","category-noticias","tag-alcalde","tag-concejales","tag-concejo-municipal","tag-noticias","tag-yungay","tag-yungayino","tag-yungayinocl"],"_links":{"self":[{"href":"https:\/\/www.yungayino.cl\/noticias\/index.php?rest_route=\/wp\/v2\/posts\/32145","targetHints":{"allow":["GET"]}}],"collection":[{"href":"https:\/\/www.yungayino.cl\/noticias\/index.php?rest_route=\/wp\/v2\/posts"}],"about":[{"href":"https:\/\/www.yungayino.cl\/noticias\/index.php?rest_route=\/wp\/v2\/types\/post"}],"author":[{"embeddable":true,"href":"https:\/\/www.yungayino.cl\/noticias\/index.php?rest_route=\/wp\/v2\/users\/2"}],"replies":[{"embeddable":true,"href":"https:\/\/www.yungayino.cl\/noticias\/index.php?rest_route=%2Fwp%2Fv2%2Fcomments&post=32145"}],"version-history":[{"count":3,"href":"https:\/\/www.yungayino.cl\/noticias\/index.php?rest_route=\/wp\/v2\/posts\/32145\/revisions"}],"predecessor-version":[{"id":32149,"href":"https:\/\/www.yungayino.cl\/noticias\/index.php?rest_route=\/wp\/v2\/posts\/32145\/revisions\/32149"}],"wp:featuredmedia":[{"embeddable":true,"href":"https:\/\/www.yungayino.cl\/noticias\/index.php?rest_route=\/wp\/v2\/media\/32146"}],"wp:attachment":[{"href":"https:\/\/www.yungayino.cl\/noticias\/index.php?rest_route=%2Fwp%2Fv2%2Fmedia&parent=32145"}],"wp:term":[{"taxonomy":"category","embeddable":true,"href":"https:\/\/www.yungayino.cl\/noticias\/index.php?rest_route=%2Fwp%2Fv2%2Fcategories&post=32145"},{"taxonomy":"post_tag","embeddable":true,"href":"https:\/\/www.yungayino.cl\/noticias\/index.php?rest_route=%2Fwp%2Fv2%2Ftags&post=32145"}],"curies":[{"name":"wp","href":"https:\/\/api.w.org\/{rel}","templated":true}]}}