{"id":32150,"date":"2024-12-05T10:00:29","date_gmt":"2024-12-05T13:00:29","guid":{"rendered":"https:\/\/www.yungayino.cl\/noticias\/?p=32150"},"modified":"2024-12-08T12:56:43","modified_gmt":"2024-12-08T15:56:43","slug":"nuble-se-sube-al-podio-sudamericano-escolar","status":"publish","type":"post","link":"https:\/\/www.yungayino.cl\/noticias\/?p=32150","title":{"rendered":"\u00d1uble se Sube al Podio Sudamericano Escolar"},"content":{"rendered":"<p><img loading=\"lazy\" decoding=\"async\" class=\"alignnone wp-image-32151 size-full\" src=\"https:\/\/www.yungayino.cl\/noticias\/wp-content\/uploads\/2024\/12\/Pia-y-Emilia-sudamericano-escolar.jpg\" alt=\"\" width=\"700\" height=\"350\" srcset=\"https:\/\/www.yungayino.cl\/noticias\/wp-content\/uploads\/2024\/12\/Pia-y-Emilia-sudamericano-escolar.jpg 700w, https:\/\/www.yungayino.cl\/noticias\/wp-content\/uploads\/2024\/12\/Pia-y-Emilia-sudamericano-escolar-300x150.jpg 300w\" sizes=\"auto, (max-width: 700px) 100vw, 700px\" \/><\/p>\n<p style=\"text-align: justify;\">\u00d1uble, diciembre 2024: P\u00eda Oyarce, de San Nicol\u00e1s, y Emilia Fuentes, de Chill\u00e1n, lograron medalla de bronce.<\/p>\n<p style=\"text-align: justify;\">Esta semana comenz\u00f3 el Sudamericano Escolar en Bucaramanga, Colombia, competencia que agrupa a m\u00e1s de 2.500 deportistas de entre 12 y 14 a\u00f1os de 10 pa\u00edses de esta parte del continente.<\/p>\n<p style=\"text-align: justify;\">Chile est\u00e1 representado por 176 atletas, entre ellos cuatro \u00f1ublensinas: Jacinta Carrasco (tenis de mesa); P\u00eda Oyarce (atletismo, lanzamientos); Emilia Fuentes (atletismo, saltos); y Valentina Monsalvez (para-atletismo, lanzamientos).<\/p>\n<p style=\"text-align: justify;\">Y no han defraudado. P\u00eda Oyarce, del Liceo Polivalente de San Nicol\u00e1s, logr\u00f3 medalla de bronce en lanzamiento de martillo, con una marca de 43,9 metros. Emocionada hasta las l\u00e1grimas, la atleta sostuvo que \u201centren\u00e9 bastante estos meses y eso me permiti\u00f3 mejorar mucho mi marca. Le dedico esta medalla a mis profesores y mi familia, que estuvo siempre a mi lado\u201d.<\/p>\n<p style=\"text-align: justify;\">Oyarce, de 13 a\u00f1os, es parte del programa del IND Promesas Chile, que entrega apoyo a deportistas de la regi\u00f3n para que alcancen el alto rendimiento.<\/p>\n<p style=\"text-align: justify;\">Por su parte, Emilia Fuentes, del Colegio Alem\u00e1n de Chill\u00e1n, tambi\u00e9n se qued\u00f3 con el bronce en el salto con garrocha, con un registro de 2,8 metros. \u201cMe deja feliz pero no conforme. Quer\u00eda saltar m\u00e1s. Le dedico esta medalla a mis padres y mi entrenador Emiliano (Del Pino), que me ha ayudado mucho\u201d, sostuvo la deportista de 14 a\u00f1os.<\/p>\n<p style=\"text-align: justify;\">Otra de las que mantiene opci\u00f3n de medalla es Jacinta Carrasco, quien se encuentra disputando semifinales por equipos en tenis de mesa. Valentina Monsalvez, de para-atletismo, a\u00fan no compite.<\/p>\n<p style=\"text-align: justify;\">Cabe destacar que los deportistas que representan a Chile en este Sudamericano se ganaron su derecho a ser parte de la delegaci\u00f3n tras ser campeones nacionales de los Juegos Deportivos Escolares en sus respectivas disciplinas.<\/p>\n<p style=\"text-align: justify;\">El Seremi del Deporte, Julio Jorquera, sostuvo que \u201cac\u00e1 hay una importante inversi\u00f3n del Ministerio del Deporte, a trav\u00e9s del IND (650 millones de pesos) para que Chile tenga a sus representantes en esta competencia con todas las condiciones que merecen. Esto se suma a los m\u00e1s de 6 mil millones anuales que se destinan para el desarrollo en todo el pa\u00eds de los Juegos Deportivos Escolares, entendiendo que ac\u00e1 est\u00e1 el semillero de deportistas nacionales\u201d.<\/p>\n","protected":false},"excerpt":{"rendered":"<p>\u00d1uble, diciembre 2024: P\u00eda Oyarce, de San Nicol\u00e1s, y Emilia Fuentes, de Chill\u00e1n, lograron medalla de bronce. Esta semana comenz\u00f3 el Sudamericano Escolar en Bucaramanga, Colombia, competencia que agrupa a m\u00e1s de 2.500 deportistas&#46;&#46;&#46;<\/p>\n","protected":false},"author":2,"featured_media":32151,"comment_status":"closed","ping_status":"closed","sticky":false,"template":"","format":"standard","meta":{"footnotes":""},"categories":[17,1493,2571,1],"tags":[1120,3294,1115,1678,8,6,117],"class_list":["post-32150","post","type-post","status-publish","format-standard","has-post-thumbnail","hentry","category-deporte","category-educacion","category-educacion-2","category-noticias","tag-deporte","tag-escolar","tag-noticias","tag-nuble","tag-yungay","tag-yungayino","tag-yungayinocl"],"_links":{"self":[{"href":"https:\/\/www.yungayino.cl\/noticias\/index.php?rest_route=\/wp\/v2\/posts\/32150","targetHints":{"allow":["GET"]}}],"collection":[{"href":"https:\/\/www.yungayino.cl\/noticias\/index.php?rest_route=\/wp\/v2\/posts"}],"about":[{"href":"https:\/\/www.yungayino.cl\/noticias\/index.php?rest_route=\/wp\/v2\/types\/post"}],"author":[{"embeddable":true,"href":"https:\/\/www.yungayino.cl\/noticias\/index.php?rest_route=\/wp\/v2\/users\/2"}],"replies":[{"embeddable":true,"href":"https:\/\/www.yungayino.cl\/noticias\/index.php?rest_route=%2Fwp%2Fv2%2Fcomments&post=32150"}],"version-history":[{"count":1,"href":"https:\/\/www.yungayino.cl\/noticias\/index.php?rest_route=\/wp\/v2\/posts\/32150\/revisions"}],"predecessor-version":[{"id":32152,"href":"https:\/\/www.yungayino.cl\/noticias\/index.php?rest_route=\/wp\/v2\/posts\/32150\/revisions\/32152"}],"wp:featuredmedia":[{"embeddable":true,"href":"https:\/\/www.yungayino.cl\/noticias\/index.php?rest_route=\/wp\/v2\/media\/32151"}],"wp:attachment":[{"href":"https:\/\/www.yungayino.cl\/noticias\/index.php?rest_route=%2Fwp%2Fv2%2Fmedia&parent=32150"}],"wp:term":[{"taxonomy":"category","embeddable":true,"href":"https:\/\/www.yungayino.cl\/noticias\/index.php?rest_route=%2Fwp%2Fv2%2Fcategories&post=32150"},{"taxonomy":"post_tag","embeddable":true,"href":"https:\/\/www.yungayino.cl\/noticias\/index.php?rest_route=%2Fwp%2Fv2%2Ftags&post=32150"}],"curies":[{"name":"wp","href":"https:\/\/api.w.org\/{rel}","templated":true}]}}