{"id":32159,"date":"2024-12-08T13:02:22","date_gmt":"2024-12-08T16:02:22","guid":{"rendered":"https:\/\/www.yungayino.cl\/noticias\/?p=32159"},"modified":"2024-12-08T13:02:22","modified_gmt":"2024-12-08T16:02:22","slug":"autoridades-llaman-a-avanzar-en-inclusion-laboral-de-personas-con-discapacidad-en-la-region","status":"publish","type":"post","link":"https:\/\/www.yungayino.cl\/noticias\/?p=32159","title":{"rendered":"Autoridades Llaman a Avanzar en Inclusi\u00f3n Laboral de Personas con Discapacidad en la Regi\u00f3n"},"content":{"rendered":"<p><img loading=\"lazy\" decoding=\"async\" class=\"alignnone wp-image-32160 size-full\" src=\"https:\/\/www.yungayino.cl\/noticias\/wp-content\/uploads\/2024\/12\/5.jpg\" alt=\"\" width=\"700\" height=\"350\" srcset=\"https:\/\/www.yungayino.cl\/noticias\/wp-content\/uploads\/2024\/12\/5.jpg 700w, https:\/\/www.yungayino.cl\/noticias\/wp-content\/uploads\/2024\/12\/5-300x150.jpg 300w\" sizes=\"auto, (max-width: 700px) 100vw, 700px\" \/><\/p>\n<p style=\"text-align: justify;\">\u00d1uble, diciembre 2024: Con un acto conmemorativo y una feria de servicios p\u00fablicos desplegada en la explanada del Gobierno Regional, se destac\u00f3 en \u00d1uble el D\u00eda Internacional de las Personas con Discapacidad, instancia que fue encabezada por el Delegado Presidencial Regional, Rodrigo Garc\u00eda; la Seremi de Desarrollo Social y Familia, Marta Carvajal, y la Directora (s) Regional del Servicio Nacional de la Discapacidad, SENADIS, Cheril Quiroz.<\/p>\n<p style=\"text-align: justify;\">A la conmemoraci\u00f3n tambi\u00e9n asistieron Consejeros de la Sociedad Civil de Senadis, instituciones educativas y de la sociedad civil que trabajan para y por las personas con discapacidad, equipos t\u00e9cnicos que trabajan en materia de inclusi\u00f3n, familias y personas con discapacidad.<\/p>\n<p style=\"text-align: justify;\">Durante el encuentro, las autoridades destacaron el compromiso del Gobierno del Presidente Boric con la inclusi\u00f3n, valorando el trabajo mancomunado con las organizaciones sociales para generar medidas en los distintos \u00e1mbitos. De igual forma, plantearon los avances y desaf\u00edos en materia de inclusi\u00f3n laboral de las Personas con Discapacidad.<\/p>\n<p style=\"text-align: justify;\">\u00a0\u201cPara el gobierno del Presidente Boric la inclusi\u00f3n de las personas con discapacidad ha sido un tema permanente y, en ese sentido, destacar que se ha renovado la Ley de Inclusi\u00f3n Laboral, promulgando el fomento de las personas con discapacidad en el \u00e1mbito laboral, esto implica contratar o mantener contratadas al menos a un 2% de trabajadores con discapacidad o asignatarios de una pensi\u00f3n de invalidez\u201d, sostuvo el Delegado Presidencial Regional, Rodrigo Garc\u00eda Hurtado.<\/p>\n<p style=\"text-align: justify;\">\u00a0\u201cLo de hoy es una nueva muestra de inclusi\u00f3n, donde hay distintas instituciones participando. Queremos que cada vez haya m\u00e1s liderazgos inclusivos, para que pueda haber un desarrollo m\u00e1s sostenible de la comunidad en general y especialmente de \u00d1uble\u201d, agreg\u00f3 el Delegado.<\/p>\n<p style=\"text-align: justify;\">En esa misma l\u00ednea, la Seremi de Desarrollo Social y Familia, Marta Carvajal, expres\u00f2 que \u201cel Gobierno del Presidente Gabriel Boric ha estado muy disponible para poder trabajar con las distintas organizaciones de la Sociedad Civil, quienes nos han mandatado a tomar en cuenta todas las necesidades que hoy d\u00eda existen, las brechas existentes, recordando que la regi\u00f3n de \u00d1uble cuenta con el mayor n\u00famero de personas con discapacidad y dependencia. Por tanto ,tenemos un desaf\u00edo no menos importante de avanzar en inclusi\u00f3n\u00a0 efectiva y tambi\u00e9n avanzar junto al Sistema Nacional Chile Cuida y, por cierto, los cambios\u00a0 y las modificaciones de la nueva Ley laboral nos\u00a0 permiten\u00a0 hacer un llamado a las empresas de \u00d1uble a aperturarse\u00a0 del 1% al 2% y que se cumpla de manera efectiva la inclusi\u00f3n laboral con los distintos componentes que tienen que ver no solo con abrir un puesto de trabajo, sino tambi\u00e9n acompa\u00f1ar y modificar para que, efectivamente, se cumpla con la inclusi\u00f3n y las personas con discapacidad\u00a0 se sientan respetadas y acompa\u00f1adas tanto por el Estado como por los espacios laborales\u201d .<\/p>\n<p style=\"text-align: justify;\">En tanto, la directora (s) regional de SENADIS, Cheril Quiroz, expres\u00f3 que \u201csiempre existen los desaf\u00edos y todav\u00eda como regi\u00f3n tenemos harto que avanzar, pero, sin duda en la materia se ha hecho, lo que buscaba la primera ley, la Ley 21.015 que\u00a0\u00a0 era incorporar en las empresas gestores de inclusi\u00f3n laboral para que pudieran potenciar el trabajo de la inclusi\u00f3n al interior de las empresas y hoy eso se cumple. Sin embargo, queremos avanzar hacia una mayor inclusi\u00f3n laboral y desde esa perspectiva la Ley 21.690 viene justamente a potenciar que este 1% se transforme en un 2% y nos lleva a todos como desaf\u00edo no solo a las empresas p\u00fablicas y privadas, sino a todos como sociedad a estar m\u00e1s unidos para que las personas con discapacidad puedan avanzar en una sociedad que sea m\u00e1s justa y m\u00e1s inclusiva.\u201d<\/p>\n<p style=\"text-align: justify;\">Durante el acto conmemorativo, la Direcci\u00f3n Regional de SENADIS entreg\u00f3 el reconocimiento Chile Inclusivo a la agencia \u00d1uble Rafting de la comuna de San Fabi\u00e1n de Alico que prontamente representar\u00e1 a Chile en el mundial de pararafting. Igualmente, recibi\u00f3 este reconocimiento el interprete en Lengua de Se\u00f1as, Javier Ibacache, reconocido por la comunidad sorda en su labor.<\/p>\n<p style=\"text-align: justify;\">El 3 de diciembre es el D\u00eda Internacional de las Personas con Discapacidad, declarado en 1992 por la Asamblea General de las Naciones Unidas. Se conmemora anualmente para promover la participaci\u00f3n plena e igualitaria de las personas con discapacidad y para tomar medidas para la inclusi\u00f3n de las personas con discapacidad en todos los aspectos de la sociedad y el desarrollo.<\/p>\n","protected":false},"excerpt":{"rendered":"<p>\u00d1uble, diciembre 2024: Con un acto conmemorativo y una feria de servicios p\u00fablicos desplegada en la explanada del Gobierno Regional, se destac\u00f3 en \u00d1uble el D\u00eda Internacional de las Personas con Discapacidad, instancia que&#46;&#46;&#46;<\/p>\n","protected":false},"author":2,"featured_media":32160,"comment_status":"closed","ping_status":"closed","sticky":false,"template":"","format":"standard","meta":{"footnotes":""},"categories":[1],"tags":[1574,1115,1678,8,6,117],"class_list":["post-32159","post","type-post","status-publish","format-standard","has-post-thumbnail","hentry","category-noticias","tag-discapacidad","tag-noticias","tag-nuble","tag-yungay","tag-yungayino","tag-yungayinocl"],"_links":{"self":[{"href":"https:\/\/www.yungayino.cl\/noticias\/index.php?rest_route=\/wp\/v2\/posts\/32159","targetHints":{"allow":["GET"]}}],"collection":[{"href":"https:\/\/www.yungayino.cl\/noticias\/index.php?rest_route=\/wp\/v2\/posts"}],"about":[{"href":"https:\/\/www.yungayino.cl\/noticias\/index.php?rest_route=\/wp\/v2\/types\/post"}],"author":[{"embeddable":true,"href":"https:\/\/www.yungayino.cl\/noticias\/index.php?rest_route=\/wp\/v2\/users\/2"}],"replies":[{"embeddable":true,"href":"https:\/\/www.yungayino.cl\/noticias\/index.php?rest_route=%2Fwp%2Fv2%2Fcomments&post=32159"}],"version-history":[{"count":1,"href":"https:\/\/www.yungayino.cl\/noticias\/index.php?rest_route=\/wp\/v2\/posts\/32159\/revisions"}],"predecessor-version":[{"id":32161,"href":"https:\/\/www.yungayino.cl\/noticias\/index.php?rest_route=\/wp\/v2\/posts\/32159\/revisions\/32161"}],"wp:featuredmedia":[{"embeddable":true,"href":"https:\/\/www.yungayino.cl\/noticias\/index.php?rest_route=\/wp\/v2\/media\/32160"}],"wp:attachment":[{"href":"https:\/\/www.yungayino.cl\/noticias\/index.php?rest_route=%2Fwp%2Fv2%2Fmedia&parent=32159"}],"wp:term":[{"taxonomy":"category","embeddable":true,"href":"https:\/\/www.yungayino.cl\/noticias\/index.php?rest_route=%2Fwp%2Fv2%2Fcategories&post=32159"},{"taxonomy":"post_tag","embeddable":true,"href":"https:\/\/www.yungayino.cl\/noticias\/index.php?rest_route=%2Fwp%2Fv2%2Ftags&post=32159"}],"curies":[{"name":"wp","href":"https:\/\/api.w.org\/{rel}","templated":true}]}}