{"id":32167,"date":"2024-12-16T07:00:00","date_gmt":"2024-12-16T10:00:00","guid":{"rendered":"https:\/\/www.yungayino.cl\/noticias\/?p=32167"},"modified":"2024-12-08T13:06:10","modified_gmt":"2024-12-08T16:06:10","slug":"consejo-regional-aprueba-recursos-para-dar-continuidad-a-programa-que-apoya-a-ninos-ninas-y-adolescentes-con-tea","status":"publish","type":"post","link":"https:\/\/www.yungayino.cl\/noticias\/?p=32167","title":{"rendered":"Consejo Regional Aprueba Recursos Para dar Continuidad a Programa que Apoya a Ni\u00f1os, Ni\u00f1as y Adolescentes con TEA"},"content":{"rendered":"<p><img loading=\"lazy\" decoding=\"async\" class=\"alignnone wp-image-32168 size-full\" src=\"https:\/\/www.yungayino.cl\/noticias\/wp-content\/uploads\/2024\/12\/presupuesto.jpg\" alt=\"\" width=\"700\" height=\"349\" srcset=\"https:\/\/www.yungayino.cl\/noticias\/wp-content\/uploads\/2024\/12\/presupuesto.jpg 700w, https:\/\/www.yungayino.cl\/noticias\/wp-content\/uploads\/2024\/12\/presupuesto-300x150.jpg 300w\" sizes=\"auto, (max-width: 700px) 100vw, 700px\" \/><\/p>\n<p style=\"text-align: justify;\">\u00d1uble, diciembre 2024: Se trata de la iniciativa Construyendo Puentes de Apoyo para el Autismo en \u00d1uble, programa que ser\u00e1 ejecutado por Fundaci\u00f3n MiTea con el que se espera beneficiar a 135 ni\u00f1os, ni\u00f1as y adolescente, adem\u00e1s de capacitar a funcionarios de 250 establecimientos educacionales.<\/p>\n<p style=\"text-align: justify;\">Un nuevo paso en inclusi\u00f3n para la Regi\u00f3n de \u00d1uble se dio hoy en la sesi\u00f3n ordinaria N\u00b0150 del Consejo Regional, donde Consejeros y Consejeras Regionales aprobaron por unanimidad el programa Construyendo Puentes de Apoyo para el Autismo en la Regi\u00f3n de \u00d1uble por un monto de $930.585.000.<\/p>\n<p style=\"text-align: justify;\">Esta iniciativa impulsada por Fundaci\u00f3n MiTea permitir\u00e1 que 135 ni\u00f1os, ni\u00f1as y adolescentes con Trastorno de Espectro Autista de \u00d1uble puedan acceder a atenciones m\u00e9dicas y terap\u00e9uticas, adem\u00e1s de acompa\u00f1amiento psicosocial a sus familias y de capacitaci\u00f3n a funcionarios del sistema educativo, lo que permitir\u00e1 potenciar al m\u00e1ximo la autonom\u00eda, interacci\u00f3n con el entorno natural e inclusi\u00f3n social de los beneficiarios.<\/p>\n<p style=\"text-align: justify;\">Este proyecto se ejecutar\u00e1 a trav\u00e9s de cinco programas de intervenci\u00f3n, desarrollados por un equipo transdisciplinario especializado en diversas \u00e1reas, lo que se traduce en la realizaci\u00f3n de m\u00e1s de 21 mil atenciones personalizadas, adem\u00e1s de la entrega de estrategias y herramientas de trabajo para una mayor inclusi\u00f3n en el aula, ampliando la cobertura regional en materia de especializaci\u00f3n sobre la neurodiversidad de manera in\u00e9dita en el pa\u00eds.<\/p>\n<p style=\"text-align: justify;\">Ante la positiva noticia que promueve la inclusi\u00f3n en la regi\u00f3n, el Gobernador de \u00d1uble, \u00d3scar Cris\u00f3stomo, comparti\u00f3 su conformidad tras la votaci\u00f3n y expres\u00f3 que \u201cse ha aprobado de forma un\u00e1nime un programa de atenci\u00f3n para ni\u00f1as y ni\u00f1os con TEA y su familia, que ya se lleva implementando dos a\u00f1os en nuestra regi\u00f3n de manera piloto, y hoy finalmente lo vamos a extender porque ha dado buen resultado en t\u00e9rminos de poder acoger a quienes actualmente no tienen atenci\u00f3n en el sistema p\u00fablico; hemos hecho una alianza con la Fundaci\u00f3n MiTea que est\u00e1 trabajando en nuestra regi\u00f3n y que ha encontrado el apoyo en este Gobierno y Consejo Regional\u201d.<\/p>\n<p style=\"text-align: justify;\">Asimismo, la m\u00e1xima autoridad regional asegur\u00f3 que este programa \u201cva a implicar atenci\u00f3n a familias de manera integral, pero tambi\u00e9n un segundo componente que tiene que ver con la capacitaci\u00f3n y formaci\u00f3n en todas las comunas de nuestra regi\u00f3n para que los equipos municipales, educacionales, adquieran mayor experiencia, y con eso tambi\u00e9n formemos una gran red de atenci\u00f3n en \u00d1uble. Esto reafirma el compromiso que tenemos con la inclusi\u00f3n, ha sido nuestro sello junto con nuestros Consejeros y Consejeras Regionales\u201d.<\/p>\n<p style=\"text-align: justify;\">De igual manera, la presidenta de la comisi\u00f3n de Desarrollo Social y Seguridad, Consejera Regional Lorena Jardua, se mostr\u00f3 conforme por el proyecto aprobado y destac\u00f3 que \u201ceste es un programa muy importante, la condici\u00f3n de TEA no se termina a una edad, sino que contin\u00faa y es muy necesario tambi\u00e9n trabajar con la familia y con el entorno de los ni\u00f1os que tienen esta condici\u00f3n para que sea menor el impacto en la sociabilizaci\u00f3n de ellos. Es importante un dato, porque no existen estad\u00edsticas con respecto a cu\u00e1ntos ni\u00f1os tienen esta condici\u00f3n, sin embargo, con el trabajo que se ha hecho durante estos dos a\u00f1os, la Fundaci\u00f3n MiTea nos ha contado que en cada sala de clases hay al menos cinco ni\u00f1os que podr\u00edan tener esta condici\u00f3n, lo que significa que es un tema bastante relevante y que hoy en d\u00eda el Estado no lo est\u00e1 abordando de manera integral\u201d.<\/p>\n<p style=\"text-align: justify;\">Por \u00faltimo, la directora de Fundaci\u00f3n MiTea, Alejandra Gajardo, manifest\u00f3 su alegr\u00eda tras el apoyo brindado por el Consejo Regional y mencion\u00f3 que \u201cestamos muy felices como Fundaci\u00f3n MiTea de esta aprobaci\u00f3n en pleno del Consejo Regional. Este es un gran proyecto que nuevamente viene a impulsar a la regi\u00f3n en la inclusi\u00f3n, ahora no solo va a hacer una atenci\u00f3n integral y personalizada a ni\u00f1os, ni\u00f1as y adolescentes, sino que vamos a ir a las 21 comunas a brindarles herramientas a los profesionales y asistentes de la educaci\u00f3n. As\u00ed que estamos felices de contar con el apoyo del Gobierno y del Consejo Regional y seguir trabajando para la regi\u00f3n y la inclusi\u00f3n\u201d.<\/p>\n<p style=\"text-align: justify;\">Cabe destacar que para llevar a cabo el programa Fundaci\u00f3n MiTea pone a disposici\u00f3n sus instalaciones junto a la experiencia y conocimiento de su equipo, quienes ejecutar\u00e1n esta iniciativa compuesta por cinco programas simult\u00e1neos, los cuales son: Programa de Especialidades M\u00e9dicas, donde se considera la intervenci\u00f3n con profesionales del \u00e1rea m\u00e9dica como psiquiatras, neur\u00f3logos, pediatras, entre otros; Programa de Especialidades Terap\u00e9uticas, donde se contemplan profesionales como psic\u00f3logos, nutricionistas, terapeutas ocupacionales, psicopedagogos, educadores diferenciales, fonoaudi\u00f3logos, kinesi\u00f3logos, entre otros; el Programa de Gesti\u00f3n y Apoyo Psicosocial Para Cuidadores, considera enfermeras, trabajadoras sociales, administrativos, entre otros profesionales y t\u00e9cnicos; el Programa de Comunicaciones y Vinculaci\u00f3n con el Medio, contempla periodistas y otros profesionales del \u00e1rea, y su objetivo es desarrollar estrategias comunicacionales; y por \u00faltimo, el Programa de Capacitaci\u00f3n de Funcionarios de la Educaci\u00f3n, cuyo objetivo es entregar herramientas y estrategias, a trav\u00e9s de talleres y capacitaciones en las 21 comunas de la regi\u00f3n de \u00d1uble, a cerca de 250 establecimientos p\u00fablicos y particular subvencionados.<\/p>\n","protected":false},"excerpt":{"rendered":"<p>\u00d1uble, diciembre 2024: Se trata de la iniciativa Construyendo Puentes de Apoyo para el Autismo en \u00d1uble, programa que ser\u00e1 ejecutado por Fundaci\u00f3n MiTea con el que se espera beneficiar a 135 ni\u00f1os, ni\u00f1as&#46;&#46;&#46;<\/p>\n","protected":false},"author":2,"featured_media":32168,"comment_status":"closed","ping_status":"closed","sticky":false,"template":"","format":"standard","meta":{"footnotes":""},"categories":[1],"tags":[1115,1678,2857,8,6,117],"class_list":["post-32167","post","type-post","status-publish","format-standard","has-post-thumbnail","hentry","category-noticias","tag-noticias","tag-nuble","tag-tea","tag-yungay","tag-yungayino","tag-yungayinocl"],"_links":{"self":[{"href":"https:\/\/www.yungayino.cl\/noticias\/index.php?rest_route=\/wp\/v2\/posts\/32167","targetHints":{"allow":["GET"]}}],"collection":[{"href":"https:\/\/www.yungayino.cl\/noticias\/index.php?rest_route=\/wp\/v2\/posts"}],"about":[{"href":"https:\/\/www.yungayino.cl\/noticias\/index.php?rest_route=\/wp\/v2\/types\/post"}],"author":[{"embeddable":true,"href":"https:\/\/www.yungayino.cl\/noticias\/index.php?rest_route=\/wp\/v2\/users\/2"}],"replies":[{"embeddable":true,"href":"https:\/\/www.yungayino.cl\/noticias\/index.php?rest_route=%2Fwp%2Fv2%2Fcomments&post=32167"}],"version-history":[{"count":1,"href":"https:\/\/www.yungayino.cl\/noticias\/index.php?rest_route=\/wp\/v2\/posts\/32167\/revisions"}],"predecessor-version":[{"id":32169,"href":"https:\/\/www.yungayino.cl\/noticias\/index.php?rest_route=\/wp\/v2\/posts\/32167\/revisions\/32169"}],"wp:featuredmedia":[{"embeddable":true,"href":"https:\/\/www.yungayino.cl\/noticias\/index.php?rest_route=\/wp\/v2\/media\/32168"}],"wp:attachment":[{"href":"https:\/\/www.yungayino.cl\/noticias\/index.php?rest_route=%2Fwp%2Fv2%2Fmedia&parent=32167"}],"wp:term":[{"taxonomy":"category","embeddable":true,"href":"https:\/\/www.yungayino.cl\/noticias\/index.php?rest_route=%2Fwp%2Fv2%2Fcategories&post=32167"},{"taxonomy":"post_tag","embeddable":true,"href":"https:\/\/www.yungayino.cl\/noticias\/index.php?rest_route=%2Fwp%2Fv2%2Ftags&post=32167"}],"curies":[{"name":"wp","href":"https:\/\/api.w.org\/{rel}","templated":true}]}}