{"id":32170,"date":"2024-12-18T07:00:24","date_gmt":"2024-12-18T10:00:24","guid":{"rendered":"https:\/\/www.yungayino.cl\/noticias\/?p=32170"},"modified":"2024-12-08T13:07:56","modified_gmt":"2024-12-08T16:07:56","slug":"nuble-supera-los-31-mil-millones-en-atraccion-de-inversiones-con-nuevo-packing-de-cerezas-apoyado-por-el-programa-ifi","status":"publish","type":"post","link":"https:\/\/www.yungayino.cl\/noticias\/?p=32170","title":{"rendered":"\u00d1uble Supera los 31 Mil Millones en Atracci\u00f3n de Inversiones con Nuevo Packing de Cerezas Apoyado por el Programa IFI"},"content":{"rendered":"<p><img loading=\"lazy\" decoding=\"async\" class=\"alignnone wp-image-32172 size-full\" src=\"https:\/\/www.yungayino.cl\/noticias\/wp-content\/uploads\/2024\/12\/IFI-5TO.jpg\" alt=\"\" width=\"700\" height=\"424\" srcset=\"https:\/\/www.yungayino.cl\/noticias\/wp-content\/uploads\/2024\/12\/IFI-5TO.jpg 700w, https:\/\/www.yungayino.cl\/noticias\/wp-content\/uploads\/2024\/12\/IFI-5TO-300x182.jpg 300w\" sizes=\"auto, (max-width: 700px) 100vw, 700px\" \/><\/p>\n<p style=\"text-align: justify;\">\u00d1uble, diciembre 2024: El programa, que tiene entre sus objetivos aumentar el n\u00famero de proyectos de base tecnol\u00f3gica en la regi\u00f3n, incrementar capital humano calificado y crear nuevos empleos, ya complet\u00f3 los recursos disponibles para esta convocatoria.<\/p>\n<p style=\"text-align: justify;\">Un nuevo proyecto fue seleccionado por el programa IFI Inversiones Tecnol\u00f3gicas de Corfo, iniciativa financiada por el Gobierno Regional de \u00d1uble, a trav\u00e9s del FNDR, que busca contribuir a la materializaci\u00f3n de inversiones para la reducci\u00f3n de brechas de competitividad en sectores productivos o territorios relevantes.<\/p>\n<p style=\"text-align: justify;\">Se trata de una iniciativa presentada por la empresa NewDayFruits S.A, que, con una inversi\u00f3n total de m\u00e1s de 8 mil millones de pesos, implementar\u00e1 un moderno packing de cerezas de exportaci\u00f3n en la regi\u00f3n. Esta \u00faltima adjudicaci\u00f3n se suma a otros cuatro proyectos aprobados en las \u00e1reas de servicios globales y agroindustria, que representan un total superior a los 31 mil millones de pesos de inversi\u00f3n en \u00d1uble, considerando el aporte p\u00fablico y privado.<\/p>\n<p style=\"text-align: justify;\">\u00abEl Gobierno Regional ha impulsado con fuerza la econom\u00eda de \u00d1uble, a trav\u00e9s de diversas estrategias. Una de ellas es el programa de atracci\u00f3n de inversiones, que ya ha facilitado la instalaci\u00f3n de cinco empresas: dos del sector tecnol\u00f3gico y tres de agroindustria enfocadas en la construcci\u00f3n de packing, dos de cerezas y uno de casta\u00f1as. Hoy podemos decir con total claridad que en los pr\u00f3ximos dos a\u00f1os se sumar\u00e1n cuatro nuevos packing en la regi\u00f3n; tres cofinanciados con fondos regionales y uno privado ya en operaci\u00f3n, lo que fortalecer\u00e1 nuestra plataforma log\u00edstica y generar\u00e1 empleos permanentes. Sin duda, estos avances son clave para el desarrollo agr\u00edcola y econ\u00f3mico local, por lo que seguiremos trabajando junto a Corfo en la implementaci\u00f3n de una versi\u00f3n de IFI 2.0 para el pr\u00f3ximo a\u00f1o\u201d, expres\u00f3 el gobernador regional de \u00d1uble, \u00d3scar Cris\u00f3stomo.<\/p>\n<p style=\"text-align: justify;\">En la misma l\u00ednea, la directora regional de Corfo, Macarena D\u00e1vila, destac\u00f3 el impacto del programa que, en esta primera etapa, cont\u00f3 con 3.500 millones de pesos incentivar la inversi\u00f3n privada. \u201cEsta iniciativa fue muy exitosa desde el punto de vista de que logr\u00f3 atraer a la regi\u00f3n inversiones desde el mundo privado por cerca de 28 mil millones de pesos, lo que no s\u00f3lo les permitir\u00e1 mejorar a las empresas su competitividad y productividad, sino que adem\u00e1s generar\u00e1 cerca de 500 empleos directos y m\u00e1s de 5.500 empleos temporales. Es una muy buena noticia para nuestra regi\u00f3n, por lo que seguiremos trabajando en esto\u201d, expres\u00f3.<\/p>\n<p style=\"text-align: justify;\">El seremi de Econom\u00eda de \u00d1uble, Erick Solo de Zald\u00edvar, por su parte, celebr\u00f3 los avances presentados por este programa y destac\u00f3 que la Regi\u00f3n de \u00d1uble sea la \u00fanica en el pa\u00eds que cuenta con un instrumento como este. \u201cDurante 2024 hemos logrado un avance significativo en la atracci\u00f3n de inversiones a la regi\u00f3n, lo que impulsar\u00e1 un mayor desarrollo econ\u00f3mico y establecer\u00e1 las bases para diversificar la matriz productiva. Esto va en la misma l\u00ednea que el proyecto de Ley para la obtenci\u00f3n de permisos sectoriales, presentado por nuestro Ministerio, que pretende reducir los tiempos de tramitaci\u00f3n entre un 30% y un 70%, con lo que esperamos contribuir a simplificar los procesos y generar un entorno m\u00e1s favorable para la inversi\u00f3n\u201d, indic\u00f3.<\/p>\n<p style=\"text-align: justify;\">Sobre el proyecto<\/p>\n<p style=\"text-align: justify;\">La empresa seleccionada, NewDayFruits S.A, recibir\u00e1 un incentivo de 670 millones de pesos, para implementar un packing de cerezas de exportaci\u00f3n, que les permitir\u00e1 procesar m\u00e1s de tres mil toneladas de fruta y prestar servicios a otros productores. El proyecto generar\u00e1 261 empleos directos y m\u00e1s de 2.500 empleos temporales.<\/p>\n<p style=\"text-align: justify;\">\u201cEsta inversi\u00f3n es clave para posicionar a \u00d1uble como una regi\u00f3n destacada en la exportaci\u00f3n de cerezas. Hasta ahora, \u00d1uble estaba rezagada en este \u00e1mbito, ya que toda su producci\u00f3n deb\u00eda ser procesada en las regiones centrales, como Maule y O\u2019Higgins. A pesar de su creciente producci\u00f3n, la regi\u00f3n no contaba con capacidad propia para procesar ni exportar. Esta iniciativa cambia esa realidad y sit\u00faa a \u00d1uble en el mapa de la exportaci\u00f3n de cerezas en el pa\u00eds. Creemos que el IFI es una oportunidad \u00fanica, ya que sin estos fondos estos proyectos no habr\u00edan sido posibles. Estamos muy contentos y agradecidos\u201d, se\u00f1al\u00f3 Jorge Vald\u00e9s, representante de NewDayFruits S.A.<\/p>\n","protected":false},"excerpt":{"rendered":"<p>\u00d1uble, diciembre 2024: El programa, que tiene entre sus objetivos aumentar el n\u00famero de proyectos de base tecnol\u00f3gica en la regi\u00f3n, incrementar capital humano calificado y crear nuevos empleos, ya complet\u00f3 los recursos disponibles&#46;&#46;&#46;<\/p>\n","protected":false},"author":2,"featured_media":32171,"comment_status":"closed","ping_status":"closed","sticky":false,"template":"","format":"standard","meta":{"footnotes":""},"categories":[1],"tags":[1115,1678,8,6,117],"class_list":["post-32170","post","type-post","status-publish","format-standard","has-post-thumbnail","hentry","category-noticias","tag-noticias","tag-nuble","tag-yungay","tag-yungayino","tag-yungayinocl"],"_links":{"self":[{"href":"https:\/\/www.yungayino.cl\/noticias\/index.php?rest_route=\/wp\/v2\/posts\/32170","targetHints":{"allow":["GET"]}}],"collection":[{"href":"https:\/\/www.yungayino.cl\/noticias\/index.php?rest_route=\/wp\/v2\/posts"}],"about":[{"href":"https:\/\/www.yungayino.cl\/noticias\/index.php?rest_route=\/wp\/v2\/types\/post"}],"author":[{"embeddable":true,"href":"https:\/\/www.yungayino.cl\/noticias\/index.php?rest_route=\/wp\/v2\/users\/2"}],"replies":[{"embeddable":true,"href":"https:\/\/www.yungayino.cl\/noticias\/index.php?rest_route=%2Fwp%2Fv2%2Fcomments&post=32170"}],"version-history":[{"count":2,"href":"https:\/\/www.yungayino.cl\/noticias\/index.php?rest_route=\/wp\/v2\/posts\/32170\/revisions"}],"predecessor-version":[{"id":32174,"href":"https:\/\/www.yungayino.cl\/noticias\/index.php?rest_route=\/wp\/v2\/posts\/32170\/revisions\/32174"}],"wp:featuredmedia":[{"embeddable":true,"href":"https:\/\/www.yungayino.cl\/noticias\/index.php?rest_route=\/wp\/v2\/media\/32171"}],"wp:attachment":[{"href":"https:\/\/www.yungayino.cl\/noticias\/index.php?rest_route=%2Fwp%2Fv2%2Fmedia&parent=32170"}],"wp:term":[{"taxonomy":"category","embeddable":true,"href":"https:\/\/www.yungayino.cl\/noticias\/index.php?rest_route=%2Fwp%2Fv2%2Fcategories&post=32170"},{"taxonomy":"post_tag","embeddable":true,"href":"https:\/\/www.yungayino.cl\/noticias\/index.php?rest_route=%2Fwp%2Fv2%2Ftags&post=32170"}],"curies":[{"name":"wp","href":"https:\/\/api.w.org\/{rel}","templated":true}]}}