{"id":32185,"date":"2024-12-17T20:00:19","date_gmt":"2024-12-17T23:00:19","guid":{"rendered":"https:\/\/www.yungayino.cl\/noticias\/?p=32185"},"modified":"2024-12-18T23:06:23","modified_gmt":"2024-12-19T02:06:23","slug":"quiero-mi-barrio-firma-contrato-para-mejoras-por-mas-de-600-millones","status":"publish","type":"post","link":"https:\/\/www.yungayino.cl\/noticias\/?p=32185","title":{"rendered":"Quiero Mi Barrio Firma Contrato Para Mejoras Por M\u00e1s De $600 Millones"},"content":{"rendered":"<p><img loading=\"lazy\" decoding=\"async\" class=\"alignnone wp-image-32186 size-full\" src=\"https:\/\/www.yungayino.cl\/noticias\/wp-content\/uploads\/2024\/12\/portada-1.jpg\" alt=\"\" width=\"700\" height=\"350\" srcset=\"https:\/\/www.yungayino.cl\/noticias\/wp-content\/uploads\/2024\/12\/portada-1.jpg 700w, https:\/\/www.yungayino.cl\/noticias\/wp-content\/uploads\/2024\/12\/portada-1-300x150.jpg 300w\" sizes=\"auto, (max-width: 700px) 100vw, 700px\" \/><\/p>\n<p style=\"text-align: justify;\">Yungay, diciembre 2024: El Seremi de Vivienda y Urbanismo de \u00d1uble, Antonio Marchant, junto al alcalde (s) de Yungay, Cristopher Reyes, y la directiva del Consejo Vecinal de Desarrollo, Amparito Lepe, firmaron el Contrato de Barrio, documento que compromete las mejoras que realizar\u00e1 el Programa Quiero Mi Barrio en el sector de El Roble y Laguna Blanca.<\/p>\n<p style=\"text-align: justify;\">En lo urbano, se destinar\u00e1n $600 millones para remodelar la plaza de calle General Bulnes, darle un sentido c\u00edvico familiar a la plaza que est\u00e1 a un costado de la sede JJVV Laguna Blanca, adem\u00e1s de las \u00e1reas verdes de El Roble. En lo social, habr\u00e1 actividades para fortalecer la convivencia, la conciencia ecol\u00f3gica, la memoria colectiva y la seguridad, lo que tendr\u00e1 una inversi\u00f3n de $41.400.000. Todo esto se ejecutar\u00e1 en los pr\u00f3ximos tres a\u00f1os.<\/p>\n<p style=\"text-align: justify;\">\u201cLo lindo de este programa es que incluye obras urbanas y a la vez iniciativas sociales, proyectos que la misma comunidad escoge. Es un trabajo en conjunto, de mucha participaci\u00f3n ciudadana y que plasma la dedicaci\u00f3n de cada vecina y vecino, eso es lo que permite mejorar, que representa a la gente y atiende a las necesidades de las familias de aqu\u00ed, en donde destacaron las perspectivas de medioambiente, de car\u00e1cter infantil y patrimonial, de una vida m\u00e1s sana y segura\u201d se\u00f1al\u00f3 Antonio Marchant, Seremi de Vivienda y Urbanismo de \u00d1uble.<\/p>\n<p style=\"text-align: justify;\">\u201cNos conocemos m\u00e1s los vecinos, hay m\u00e1s apoyo y a medida que pase el tiempo habr\u00e1 mejor convivencia. Tenemos un jard\u00edn muy bonito que est\u00e1 pronto a inaugurarse, se est\u00e1n arreglando los parquecitos, la pr\u00f3xima semana tenemos nuestra primera feria navide\u00f1a del barrio y hay mucho entusiasmo de los vecinos, eso es lo que ha incentivado el programa, la comuni\u00f3n\u00bb, declar\u00f3 Amparito Lepe, en representaci\u00f3n del Consejo Vecinal de Desarrollo.<\/p>\n<p style=\"text-align: justify;\">Desde enero de 2024, se han desarrollado actividades participativas con los vecinos y vecinas, considerando talleres de autodiagn\u00f3stico, recorridos barriales, encuestas y una ficha catastro, as\u00ed identificar necesidades y oportunidades. El alcalde (s) Reyes se\u00f1al\u00f3 que un barrio no s\u00f3lo consta de casas y calles, sino que las personas, su convivencia y los espacios p\u00fablicos forman un barrio d\u00eda a d\u00eda, por lo que agradeci\u00f3 el compromiso del Seremi al seleccionar la comuna de Yungay, tras varias gestiones en a\u00f1os anteriores.<\/p>\n<p>&nbsp;<\/p>\n<p>&nbsp;<\/p>\n<p style=\"text-align: center;\"><strong>FOTOGRAF\u00cdAS:<\/strong><\/p>\n<p style=\"text-align: center;\"><iframe loading=\"lazy\" style=\"border: none; overflow: hidden;\" src=\"https:\/\/www.facebook.com\/plugins\/post.php?href=https%3A%2F%2Fwww.facebook.com%2Fyungayino.cl%2Fposts%2Fpfbid0cHRRD8MctGM4ErEEXCjpH5jDprF6UUxVEqMAZhH1mLT9qzt4o58dg5sHBEDC3XG4l&amp;show_text=true&amp;width=500\" width=\"500\" height=\"844\" frameborder=\"0\" scrolling=\"no\" allowfullscreen=\"allowfullscreen\"><\/iframe><\/p>\n","protected":false},"excerpt":{"rendered":"<p>Yungay, diciembre 2024: El Seremi de Vivienda y Urbanismo de \u00d1uble, Antonio Marchant, junto al alcalde (s) de Yungay, Cristopher Reyes, y la directiva del Consejo Vecinal de Desarrollo, Amparito Lepe, firmaron el Contrato&#46;&#46;&#46;<\/p>\n","protected":false},"author":2,"featured_media":32186,"comment_status":"closed","ping_status":"closed","sticky":false,"template":"","format":"standard","meta":{"footnotes":""},"categories":[1],"tags":[1115,2694,8,6,117],"class_list":["post-32185","post","type-post","status-publish","format-standard","has-post-thumbnail","hentry","category-noticias","tag-noticias","tag-quiero-mi-barrio","tag-yungay","tag-yungayino","tag-yungayinocl"],"_links":{"self":[{"href":"https:\/\/www.yungayino.cl\/noticias\/index.php?rest_route=\/wp\/v2\/posts\/32185","targetHints":{"allow":["GET"]}}],"collection":[{"href":"https:\/\/www.yungayino.cl\/noticias\/index.php?rest_route=\/wp\/v2\/posts"}],"about":[{"href":"https:\/\/www.yungayino.cl\/noticias\/index.php?rest_route=\/wp\/v2\/types\/post"}],"author":[{"embeddable":true,"href":"https:\/\/www.yungayino.cl\/noticias\/index.php?rest_route=\/wp\/v2\/users\/2"}],"replies":[{"embeddable":true,"href":"https:\/\/www.yungayino.cl\/noticias\/index.php?rest_route=%2Fwp%2Fv2%2Fcomments&post=32185"}],"version-history":[{"count":2,"href":"https:\/\/www.yungayino.cl\/noticias\/index.php?rest_route=\/wp\/v2\/posts\/32185\/revisions"}],"predecessor-version":[{"id":32188,"href":"https:\/\/www.yungayino.cl\/noticias\/index.php?rest_route=\/wp\/v2\/posts\/32185\/revisions\/32188"}],"wp:featuredmedia":[{"embeddable":true,"href":"https:\/\/www.yungayino.cl\/noticias\/index.php?rest_route=\/wp\/v2\/media\/32186"}],"wp:attachment":[{"href":"https:\/\/www.yungayino.cl\/noticias\/index.php?rest_route=%2Fwp%2Fv2%2Fmedia&parent=32185"}],"wp:term":[{"taxonomy":"category","embeddable":true,"href":"https:\/\/www.yungayino.cl\/noticias\/index.php?rest_route=%2Fwp%2Fv2%2Fcategories&post=32185"},{"taxonomy":"post_tag","embeddable":true,"href":"https:\/\/www.yungayino.cl\/noticias\/index.php?rest_route=%2Fwp%2Fv2%2Ftags&post=32185"}],"curies":[{"name":"wp","href":"https:\/\/api.w.org\/{rel}","templated":true}]}}