{"id":32189,"date":"2024-12-21T15:00:21","date_gmt":"2024-12-21T18:00:21","guid":{"rendered":"https:\/\/www.yungayino.cl\/noticias\/?p=32189"},"modified":"2024-12-21T15:34:29","modified_gmt":"2024-12-21T18:34:29","slug":"mayor-hector-gonzalez-entrega-recomendaciones-a-la-comunidad","status":"publish","type":"post","link":"https:\/\/www.yungayino.cl\/noticias\/?p=32189","title":{"rendered":"Mayor H\u00e9ctor Gonz\u00e1lez Entrega Recomendaciones a la Comunidad"},"content":{"rendered":"<p><img loading=\"lazy\" decoding=\"async\" class=\"alignnone wp-image-32190 size-full\" src=\"https:\/\/www.yungayino.cl\/noticias\/wp-content\/uploads\/2024\/12\/portada-2.jpg\" alt=\"\" width=\"700\" height=\"350\" srcset=\"https:\/\/www.yungayino.cl\/noticias\/wp-content\/uploads\/2024\/12\/portada-2.jpg 700w, https:\/\/www.yungayino.cl\/noticias\/wp-content\/uploads\/2024\/12\/portada-2-300x150.jpg 300w\" sizes=\"auto, (max-width: 700px) 100vw, 700px\" \/><\/p>\n<p style=\"text-align: justify;\">Yungay, diciembre 2024: El Mayor y Comisario de la 4ta. Comisar\u00eda de Yungay H\u00e9ctor Gonz\u00e1lez Rozas, en d\u00edas de altas temperaturas y vegetaci\u00f3n fina seca, se despleg\u00f3 en el sector rural de Curapaso, para sensibilizar e indicar medidas preventivas a los vecinos y vecinas, haciendo un llamado a no utilizar fuentes de calor que puedan provocar un siniestro, se pronostican altas temperaturas en zona central del pa\u00eds donde se encuentra involucrada nuestra regi\u00f3n de \u00d1uble, por lo que se recomienda y aconseja a la comunidad yungayina incrementar medidas preventivas evitando el uso de fuego o fuentes que pueden generar incendios:<\/p>\n<ul style=\"text-align: justify;\">\n<li>Evitar el uso de herramientas que puedan producir chispas o calor.<\/li>\n<li>No queme basura o cualquier tipo de residuos.<\/li>\n<li>No use fuentes de calor en actividades al aire libre.<\/li>\n<li>Trabajar en conjunto con su comunidad para fortalecer los v\u00ednculos entre vecinos para una mejor prevenci\u00f3n.<\/li>\n<li>No tirar colillas de cigarros al suelo donde exista vegetaci\u00f3n seca ni en ninguna parte.<\/li>\n<li>Recuerde que provocar incendios forestales es un delito penado por ley.<\/li>\n<li>Para esta Navidad tambi\u00e9n se est\u00e1 pronosticando altas temperaturas, porque tambi\u00e9n se recomienda lo siguiente: entorno libre de vegetaci\u00f3n y l\u00edquidos inflamables<\/li>\n<\/ul>\n<p style=\"text-align: justify;\">Siga estos concejos y sea responsable as\u00ed podr\u00e1 disfrutar con tranquilidad y en familia en estos d\u00edas y en la fiesta de Navidad.<\/p>\n<ul style=\"text-align: justify;\">\n<li>Si realiza conexi\u00f3n el\u00e9ctrica al exterior del domicilio que sea realizado por una persona certificado y con equipos de buena calidad.<\/li>\n<li>Uso de fuego artificiales est\u00e1 prohibido y penado por la ley.<\/li>\n<li>Si hace asados, considere el viento y su direcci\u00f3n, adem\u00e1s que sea realizado en lugar seguro libre de vegetaci\u00f3n.<\/li>\n<li>Tenga precauci\u00f3n con el uso de fuentes de calor (cocina a le\u00f1a, braceros, fogatas) mantenga resguardado y despejada el de l\u00edquidos inflamables y vegetaci\u00f3n seca.<\/li>\n<\/ul>\n<p style=\"text-align: justify;\">Si usted ve alg\u00fan foco de incendio y alguien provoc\u00e1ndolo llame a los siguientes n\u00fameros de emergencia:<\/p>\n<p style=\"text-align: justify;\"><strong>CONAF 130<\/strong><\/p>\n<p style=\"text-align: justify;\"><strong>BOMBEROS 132<\/strong><\/p>\n<p style=\"text-align: justify;\"><strong>CARABINEROS 133<\/strong><\/p>\n<p><strong>\u00a0<\/strong><\/p>\n<p><strong>\u00a0<\/strong><\/p>\n<p>&nbsp;<\/p>\n<p style=\"text-align: center;\"><strong>FOTOGRAF\u00cdAS:<\/strong><\/p>\n<p style=\"text-align: center;\"><iframe loading=\"lazy\" style=\"border: none; overflow: hidden;\" src=\"https:\/\/www.facebook.com\/plugins\/post.php?href=https%3A%2F%2Fwww.facebook.com%2Fyungayino.cl%2Fposts%2Fpfbid0EgtjZfrpmrEsVvBQXfSbVyZ6PByzXYBbK8XxG9DVN1bFQA2zbMzECmCHouG7kjzNl&amp;show_text=true&amp;width=500\" width=\"500\" height=\"761\" frameborder=\"0\" scrolling=\"no\" allowfullscreen=\"allowfullscreen\"><\/iframe><\/p>\n","protected":false},"excerpt":{"rendered":"<p>Yungay, diciembre 2024: El Mayor y Comisario de la 4ta. Comisar\u00eda de Yungay H\u00e9ctor Gonz\u00e1lez Rozas, en d\u00edas de altas temperaturas y vegetaci\u00f3n fina seca, se despleg\u00f3 en el sector rural de Curapaso, para&#46;&#46;&#46;<\/p>\n","protected":false},"author":2,"featured_media":32190,"comment_status":"closed","ping_status":"closed","sticky":false,"template":"","format":"standard","meta":{"footnotes":""},"categories":[1],"tags":[25,1115,1692,8,6,117],"class_list":["post-32189","post","type-post","status-publish","format-standard","has-post-thumbnail","hentry","category-noticias","tag-carabineros","tag-noticias","tag-prevencion","tag-yungay","tag-yungayino","tag-yungayinocl"],"_links":{"self":[{"href":"https:\/\/www.yungayino.cl\/noticias\/index.php?rest_route=\/wp\/v2\/posts\/32189","targetHints":{"allow":["GET"]}}],"collection":[{"href":"https:\/\/www.yungayino.cl\/noticias\/index.php?rest_route=\/wp\/v2\/posts"}],"about":[{"href":"https:\/\/www.yungayino.cl\/noticias\/index.php?rest_route=\/wp\/v2\/types\/post"}],"author":[{"embeddable":true,"href":"https:\/\/www.yungayino.cl\/noticias\/index.php?rest_route=\/wp\/v2\/users\/2"}],"replies":[{"embeddable":true,"href":"https:\/\/www.yungayino.cl\/noticias\/index.php?rest_route=%2Fwp%2Fv2%2Fcomments&post=32189"}],"version-history":[{"count":4,"href":"https:\/\/www.yungayino.cl\/noticias\/index.php?rest_route=\/wp\/v2\/posts\/32189\/revisions"}],"predecessor-version":[{"id":32194,"href":"https:\/\/www.yungayino.cl\/noticias\/index.php?rest_route=\/wp\/v2\/posts\/32189\/revisions\/32194"}],"wp:featuredmedia":[{"embeddable":true,"href":"https:\/\/www.yungayino.cl\/noticias\/index.php?rest_route=\/wp\/v2\/media\/32190"}],"wp:attachment":[{"href":"https:\/\/www.yungayino.cl\/noticias\/index.php?rest_route=%2Fwp%2Fv2%2Fmedia&parent=32189"}],"wp:term":[{"taxonomy":"category","embeddable":true,"href":"https:\/\/www.yungayino.cl\/noticias\/index.php?rest_route=%2Fwp%2Fv2%2Fcategories&post=32189"},{"taxonomy":"post_tag","embeddable":true,"href":"https:\/\/www.yungayino.cl\/noticias\/index.php?rest_route=%2Fwp%2Fv2%2Ftags&post=32189"}],"curies":[{"name":"wp","href":"https:\/\/api.w.org\/{rel}","templated":true}]}}