{"id":32220,"date":"2025-01-10T07:00:12","date_gmt":"2025-01-10T10:00:12","guid":{"rendered":"https:\/\/www.yungayino.cl\/noticias\/?p=32220"},"modified":"2025-01-03T19:29:23","modified_gmt":"2025-01-03T22:29:23","slug":"nuble-destaca-por-su-alta-participacion-ciudadana-en-instancias-de-capacitacion-y-dialogo-social","status":"publish","type":"post","link":"https:\/\/www.yungayino.cl\/noticias\/?p=32220","title":{"rendered":"\u00d1uble destaca por su alta participaci\u00f3n ciudadana en instancias de capacitaci\u00f3n y di\u00e1logo social"},"content":{"rendered":"<p><img loading=\"lazy\" decoding=\"async\" class=\"alignnone wp-image-32221 size-full\" src=\"https:\/\/www.yungayino.cl\/noticias\/wp-content\/uploads\/2025\/01\/1.jpg\" alt=\"\" width=\"700\" height=\"350\" srcset=\"https:\/\/www.yungayino.cl\/noticias\/wp-content\/uploads\/2025\/01\/1.jpg 700w, https:\/\/www.yungayino.cl\/noticias\/wp-content\/uploads\/2025\/01\/1-300x150.jpg 300w\" sizes=\"auto, (max-width: 700px) 100vw, 700px\" \/><\/p>\n<p style=\"text-align: justify;\"><strong>\u00d1uble, enero 2025: <\/strong>As\u00ed lo inform\u00f3 la seremi de Gobierno, Valentina Pradenas, quien adem\u00e1s de destacar el rol protag\u00f3nico de las mujeres en el liderazgo social en la regi\u00f3n, se refiri\u00f3 a la oferta program\u00e1tica 2025.<\/p>\n<p style=\"text-align: justify;\">Con un marcado enfoque en la participaci\u00f3n ciudadana y el liderazgo femenino, la seremi, Valentina Pradenas Andrade, destac\u00f3 los logros de la agenda impulsada por la Secretar\u00eda Regional Ministerial de Gobierno de \u00d1uble y se refiri\u00f3 a la oferta program\u00e1tica con miras a este 2025. A trav\u00e9s, de iniciativas como las Escuelas de Formaci\u00f3n Social (EFS), MovilizaDOS y los Di\u00e1logos Ciudadanos, m\u00e1s de 2.340 personas participaron en actividades de capacitaci\u00f3n y encuentros, donde las mujeres tuvieron un rol protag\u00f3nico, representando el 87,9% de los asistentes.<\/p>\n<p style=\"text-align: justify;\">La autoridad regional detall\u00f3 que un total de 936 dirigentes sociales, de los cuales 707 fueron mujeres, fortalecieron sus competencias en los 30 m\u00f3dulos formativos que abordaron tem\u00e1ticas clave en cinco ejes: Chile Organizado, Chile Participativo, Chile Sustentable, Chile Igualitario y Chile que Cuida y Protege.<\/p>\n<p style=\"text-align: justify;\">\u201cLa participaci\u00f3n de nuestros l\u00edderes y lideresas sociales en estas instancias demuestra el compromiso de las comunidades con su desarrollo. Ellos son el puente entre las necesidades del territorio y las soluciones que construimos en conjunto como Gobierno del Presidente Gabriel Boric\u201d, destac\u00f3 la seremi, Valentina Pradenas, quien agreg\u00f3 que \u201ces un orgullo ser parte de este proceso que fortalece la democracia y promueve el desarrollo desde las bases sociales\u201d.<\/p>\n<p style=\"text-align: justify;\">En tanto, con 1.775 atenciones realizadas en la regi\u00f3n, el programa MovilizaDOS logr\u00f3 acercar informaci\u00f3n relevante sobre pol\u00edticas p\u00fablicas, campa\u00f1as preventivas en salud, como la prevenci\u00f3n del VIH e ITS, y el bolet\u00edn \u201cChile Avanzando\u201d, promoviendo una ciudadan\u00eda m\u00e1s informada y empoderada. A su vez, los Di\u00e1logos Ciudadanos se consolidaron como un espacio clave para que la ciudadan\u00eda participara en el dise\u00f1o, ejecuci\u00f3n y evaluaci\u00f3n de pol\u00edticas p\u00fablicas, destacando encuentros en torno a temas como \u201cPago de Pensi\u00f3n de Alimentos\u201d, \u201c40 horas\u201d y \u201cCopago 0\u201d, con una participaci\u00f3n total de 222 personas.<\/p>\n<p style=\"text-align: justify;\">Asimismo, la seremi indic\u00f3 que la Divisi\u00f3n de Organizaciones Sociales (DOS) lleg\u00f3 a las 21 comunas de \u00d1uble tarea que espera replicar gracias a la oferta program\u00e1tica que se proyecta para este 2025 y agradeci\u00f3 el trabajo de manera articulada con diversos servicios p\u00fablicos que permite entregar informaci\u00f3n relevante para la ciudadan\u00eda.<\/p>\n<p style=\"text-align: justify;\">Con estos logros, \u00d1uble se posiciona como un ejemplo de c\u00f3mo la colaboraci\u00f3n entre el Estado y la sociedad civil puede generar un impacto significativo, fortaleciendo la democracia y el tejido social de la regi\u00f3n.<\/p>\n","protected":false},"excerpt":{"rendered":"<p>\u00d1uble, enero 2025: As\u00ed lo inform\u00f3 la seremi de Gobierno, Valentina Pradenas, quien adem\u00e1s de destacar el rol protag\u00f3nico de las mujeres en el liderazgo social en la regi\u00f3n, se refiri\u00f3 a la oferta&#46;&#46;&#46;<\/p>\n","protected":false},"author":2,"featured_media":32221,"comment_status":"closed","ping_status":"closed","sticky":false,"template":"","format":"standard","meta":{"footnotes":""},"categories":[1],"tags":[1115,1678,8,6,117],"class_list":["post-32220","post","type-post","status-publish","format-standard","has-post-thumbnail","hentry","category-noticias","tag-noticias","tag-nuble","tag-yungay","tag-yungayino","tag-yungayinocl"],"_links":{"self":[{"href":"https:\/\/www.yungayino.cl\/noticias\/index.php?rest_route=\/wp\/v2\/posts\/32220","targetHints":{"allow":["GET"]}}],"collection":[{"href":"https:\/\/www.yungayino.cl\/noticias\/index.php?rest_route=\/wp\/v2\/posts"}],"about":[{"href":"https:\/\/www.yungayino.cl\/noticias\/index.php?rest_route=\/wp\/v2\/types\/post"}],"author":[{"embeddable":true,"href":"https:\/\/www.yungayino.cl\/noticias\/index.php?rest_route=\/wp\/v2\/users\/2"}],"replies":[{"embeddable":true,"href":"https:\/\/www.yungayino.cl\/noticias\/index.php?rest_route=%2Fwp%2Fv2%2Fcomments&post=32220"}],"version-history":[{"count":1,"href":"https:\/\/www.yungayino.cl\/noticias\/index.php?rest_route=\/wp\/v2\/posts\/32220\/revisions"}],"predecessor-version":[{"id":32222,"href":"https:\/\/www.yungayino.cl\/noticias\/index.php?rest_route=\/wp\/v2\/posts\/32220\/revisions\/32222"}],"wp:featuredmedia":[{"embeddable":true,"href":"https:\/\/www.yungayino.cl\/noticias\/index.php?rest_route=\/wp\/v2\/media\/32221"}],"wp:attachment":[{"href":"https:\/\/www.yungayino.cl\/noticias\/index.php?rest_route=%2Fwp%2Fv2%2Fmedia&parent=32220"}],"wp:term":[{"taxonomy":"category","embeddable":true,"href":"https:\/\/www.yungayino.cl\/noticias\/index.php?rest_route=%2Fwp%2Fv2%2Fcategories&post=32220"},{"taxonomy":"post_tag","embeddable":true,"href":"https:\/\/www.yungayino.cl\/noticias\/index.php?rest_route=%2Fwp%2Fv2%2Ftags&post=32220"}],"curies":[{"name":"wp","href":"https:\/\/api.w.org\/{rel}","templated":true}]}}