{"id":32232,"date":"2025-01-14T12:00:15","date_gmt":"2025-01-14T15:00:15","guid":{"rendered":"https:\/\/www.yungayino.cl\/noticias\/?p=32232"},"modified":"2025-01-14T13:00:17","modified_gmt":"2025-01-14T16:00:17","slug":"la-sinfonica-de-nuble-se-presenta-por-primera-vez-en-yungay-con-repertorio-latinoamericano","status":"publish","type":"post","link":"https:\/\/www.yungayino.cl\/noticias\/?p=32232","title":{"rendered":"La Sinf\u00f3nica de \u00d1uble se presenta por primera vez en Yungay con repertorio Latinoamericano"},"content":{"rendered":"<p><img loading=\"lazy\" decoding=\"async\" class=\"alignnone wp-image-32233 size-full\" src=\"https:\/\/www.yungayino.cl\/noticias\/wp-content\/uploads\/2025\/01\/portada-1.jpg\" alt=\"\" width=\"700\" height=\"627\" srcset=\"https:\/\/www.yungayino.cl\/noticias\/wp-content\/uploads\/2025\/01\/portada-1.jpg 700w, https:\/\/www.yungayino.cl\/noticias\/wp-content\/uploads\/2025\/01\/portada-1-300x269.jpg 300w\" sizes=\"auto, (max-width: 700px) 100vw, 700px\" \/><\/p>\n<p style=\"text-align: justify;\">Yungay, enero 2025: El ensamble de cuerdas y percusi\u00f3n de la Orquesta Sinf\u00f3nica de \u00d1uble invita a la comunidad de Yungay y sus alrededores al Concierto de M\u00fasica Latinoamericana, que realizar\u00e1 este <strong>viernes 17 de enero<\/strong>, a las <strong>20:00 horas<\/strong>, en el auditorio de la <strong>Biblioteca Municipal <\/strong>de Yungay. La entrada es liberada.<\/p>\n<p style=\"text-align: justify;\">Directivos de la sinf\u00f3nica regional se\u00f1alan que es la primera vez que la agrupaci\u00f3n se presenta con un elenco amplio en dicha comuna. Y agregan, adem\u00e1s, que es la primera vez que interpretar\u00e1n un repertorio exclusivamente latino, sin piezas de origen europeo como acostumbran a hacerlo durante los conciertos del a\u00f1o.<\/p>\n<p style=\"text-align: justify;\">Indican que se han seleccionado obras de compositores venezolanos, argentinos, mexicanos y por supuesto chilenos, para que el p\u00fablico se divierta y, al mismo tiempo, reconozca y valore el patrimonio art\u00edstico de Am\u00e9rica.<\/p>\n<p style=\"text-align: justify;\">El repertorio est\u00e1 compuesto por obras de Astor Piazzolla de Argentina, Aldemaro Romero de Venezuela, Arturo M\u00e1rquez de M\u00e9xico y compositores chilenos como Violeta Parra.<\/p>\n<p style=\"text-align: justify;\">El Encargado de Cultura de la Municipalidad de Yungay, Miguel Godoy, valora la presentaci\u00f3n de la orquesta en la comuna como algo importante, desde el punto de vista de acercar este tipo de manifestaciones art\u00edsticas a la comunidad y describe el concierto como un atractivo panorama de verano, con el que se anticipar\u00e1n las actividades de la Semana Yungayina que celebra los 183 a\u00f1os de la localidad.<\/p>\n<p style=\"text-align: justify;\">Los encargados de la orquesta cuentan que con este evento la Sinf\u00f3nica de \u00d1uble anticipa un a\u00f1o 2025 intenso. Con una programaci\u00f3n desafiante y llena de novedades importantes, que dar\u00e1n un fuerte impulso al trabajo del elenco tanto a nivel nacional como internacional. Teniendo siempre en cuenta el objetivo principal de su labor, que es llevar la m\u00fasica cl\u00e1sica a las 21 comunas de la regi\u00f3n y ser difusores de la cultura local y nacional.<\/p>\n<p>&nbsp;<\/p>\n<p><img loading=\"lazy\" decoding=\"async\" class=\"alignnone wp-image-32234 size-full\" src=\"https:\/\/www.yungayino.cl\/noticias\/wp-content\/uploads\/2025\/01\/2-copia.jpg\" alt=\"\" width=\"700\" height=\"466\" srcset=\"https:\/\/www.yungayino.cl\/noticias\/wp-content\/uploads\/2025\/01\/2-copia.jpg 700w, https:\/\/www.yungayino.cl\/noticias\/wp-content\/uploads\/2025\/01\/2-copia-300x200.jpg 300w\" sizes=\"auto, (max-width: 700px) 100vw, 700px\" \/><\/p>\n<p><img loading=\"lazy\" decoding=\"async\" class=\"alignnone wp-image-32235 size-full\" src=\"https:\/\/www.yungayino.cl\/noticias\/wp-content\/uploads\/2025\/01\/3-copia.jpg\" alt=\"\" width=\"700\" height=\"466\" srcset=\"https:\/\/www.yungayino.cl\/noticias\/wp-content\/uploads\/2025\/01\/3-copia.jpg 700w, https:\/\/www.yungayino.cl\/noticias\/wp-content\/uploads\/2025\/01\/3-copia-300x200.jpg 300w\" sizes=\"auto, (max-width: 700px) 100vw, 700px\" \/><\/p>\n<p><img loading=\"lazy\" decoding=\"async\" class=\"alignnone wp-image-32236 size-full\" src=\"https:\/\/www.yungayino.cl\/noticias\/wp-content\/uploads\/2025\/01\/4-copia.jpg\" alt=\"\" width=\"700\" height=\"466\" srcset=\"https:\/\/www.yungayino.cl\/noticias\/wp-content\/uploads\/2025\/01\/4-copia.jpg 700w, https:\/\/www.yungayino.cl\/noticias\/wp-content\/uploads\/2025\/01\/4-copia-300x200.jpg 300w\" sizes=\"auto, (max-width: 700px) 100vw, 700px\" \/><\/p>\n<p>&nbsp;<\/p>\n<p>&nbsp;<\/p>\n","protected":false},"excerpt":{"rendered":"<p>Yungay, enero 2025: El ensamble de cuerdas y percusi\u00f3n de la Orquesta Sinf\u00f3nica de \u00d1uble invita a la comunidad de Yungay y sus alrededores al Concierto de M\u00fasica Latinoamericana, que realizar\u00e1 este viernes 17&#46;&#46;&#46;<\/p>\n","protected":false},"author":2,"featured_media":32233,"comment_status":"closed","ping_status":"closed","sticky":false,"template":"","format":"standard","meta":{"footnotes":""},"categories":[5,1],"tags":[2294,1115,1678,3298,3297,8,6,117],"class_list":["post-32232","post","type-post","status-publish","format-standard","has-post-thumbnail","hentry","category-eventos","category-noticias","tag-cultura","tag-noticias","tag-nuble","tag-orquesta-sintonica","tag-semana-yungayina-2025","tag-yungay","tag-yungayino","tag-yungayinocl"],"_links":{"self":[{"href":"https:\/\/www.yungayino.cl\/noticias\/index.php?rest_route=\/wp\/v2\/posts\/32232","targetHints":{"allow":["GET"]}}],"collection":[{"href":"https:\/\/www.yungayino.cl\/noticias\/index.php?rest_route=\/wp\/v2\/posts"}],"about":[{"href":"https:\/\/www.yungayino.cl\/noticias\/index.php?rest_route=\/wp\/v2\/types\/post"}],"author":[{"embeddable":true,"href":"https:\/\/www.yungayino.cl\/noticias\/index.php?rest_route=\/wp\/v2\/users\/2"}],"replies":[{"embeddable":true,"href":"https:\/\/www.yungayino.cl\/noticias\/index.php?rest_route=%2Fwp%2Fv2%2Fcomments&post=32232"}],"version-history":[{"count":1,"href":"https:\/\/www.yungayino.cl\/noticias\/index.php?rest_route=\/wp\/v2\/posts\/32232\/revisions"}],"predecessor-version":[{"id":32237,"href":"https:\/\/www.yungayino.cl\/noticias\/index.php?rest_route=\/wp\/v2\/posts\/32232\/revisions\/32237"}],"wp:featuredmedia":[{"embeddable":true,"href":"https:\/\/www.yungayino.cl\/noticias\/index.php?rest_route=\/wp\/v2\/media\/32233"}],"wp:attachment":[{"href":"https:\/\/www.yungayino.cl\/noticias\/index.php?rest_route=%2Fwp%2Fv2%2Fmedia&parent=32232"}],"wp:term":[{"taxonomy":"category","embeddable":true,"href":"https:\/\/www.yungayino.cl\/noticias\/index.php?rest_route=%2Fwp%2Fv2%2Fcategories&post=32232"},{"taxonomy":"post_tag","embeddable":true,"href":"https:\/\/www.yungayino.cl\/noticias\/index.php?rest_route=%2Fwp%2Fv2%2Ftags&post=32232"}],"curies":[{"name":"wp","href":"https:\/\/api.w.org\/{rel}","templated":true}]}}