{"id":32248,"date":"2025-01-18T15:00:25","date_gmt":"2025-01-18T18:00:25","guid":{"rendered":"https:\/\/www.yungayino.cl\/noticias\/?p=32248"},"modified":"2025-01-18T19:14:10","modified_gmt":"2025-01-18T22:14:10","slug":"la-orquesta-sinfonica-de-nuble-se-presento-en-yungay","status":"publish","type":"post","link":"https:\/\/www.yungayino.cl\/noticias\/?p=32248","title":{"rendered":"La Orquesta Sinf\u00f3nica de \u00d1uble se Present\u00f3 en Yungay"},"content":{"rendered":"<p><img loading=\"lazy\" decoding=\"async\" class=\"alignnone wp-image-32249 size-full\" src=\"https:\/\/www.yungayino.cl\/noticias\/wp-content\/uploads\/2025\/01\/portada-3.jpg\" alt=\"\" width=\"700\" height=\"350\" srcset=\"https:\/\/www.yungayino.cl\/noticias\/wp-content\/uploads\/2025\/01\/portada-3.jpg 700w, https:\/\/www.yungayino.cl\/noticias\/wp-content\/uploads\/2025\/01\/portada-3-300x150.jpg 300w\" sizes=\"auto, (max-width: 700px) 100vw, 700px\" \/><\/p>\n<p style=\"text-align: justify;\">Yungay enero 2025: La Orquesta Sinf\u00f3nica de \u00d1uble trajo la alegr\u00eda de la m\u00fasica latinoamericana a Yungay, donde realizaron una impecable presentaci\u00f3n en el Auditorio de la Biblioteca Municipal ante un gran marco de p\u00fablico que disfrutaron de este hermoso evento cultural.<\/p>\n<p style=\"text-align: justify;\">Se\u00f1alar que con esta actividad cultural se dio inicio a las celebraciones de los 183 a\u00f1os de Yungay, donde los asistentes pudieron disfrutar de un variado repertorio de piezas de destacados compositores latinoamericanos como Astor Piazolla de Argentina, Aldemaro Romero de Venezuela, Arturo M\u00e1rquez de M\u00e9xico y Violeta Parra de Chile.<\/p>\n<p>&nbsp;<\/p>\n<p>&nbsp;<\/p>\n<p style=\"text-align: center;\"><strong>FOTOGRAF\u00cdAS:<\/strong><\/p>\n<p style=\"text-align: center;\"><iframe loading=\"lazy\" style=\"border: none; overflow: hidden;\" src=\"https:\/\/www.facebook.com\/plugins\/post.php?href=https%3A%2F%2Fwww.facebook.com%2Fyungayino.cl%2Fposts%2Fpfbid0xuHmkyvuxQ2HESFCpjh2fCwiwR7mrekhJjY72v8Nu4YmZutP9ugf6crvnwEYaNP3l&amp;show_text=true&amp;width=500\" width=\"500\" height=\"790\" frameborder=\"0\" scrolling=\"no\" allowfullscreen=\"allowfullscreen\"><\/iframe><\/p>\n","protected":false},"excerpt":{"rendered":"<p>Yungay enero 2025: La Orquesta Sinf\u00f3nica de \u00d1uble trajo la alegr\u00eda de la m\u00fasica latinoamericana a Yungay, donde realizaron una impecable presentaci\u00f3n en el Auditorio de la Biblioteca Municipal ante un gran marco de&#46;&#46;&#46;<\/p>\n","protected":false},"author":2,"featured_media":32249,"comment_status":"closed","ping_status":"closed","sticky":false,"template":"","format":"standard","meta":{"footnotes":""},"categories":[1],"tags":[2294,1115,1219,149,8,6,117],"class_list":["post-32248","post","type-post","status-publish","format-standard","has-post-thumbnail","hentry","category-noticias","tag-cultura","tag-noticias","tag-orquesta-sinfonica","tag-semana-yungayina","tag-yungay","tag-yungayino","tag-yungayinocl"],"_links":{"self":[{"href":"https:\/\/www.yungayino.cl\/noticias\/index.php?rest_route=\/wp\/v2\/posts\/32248","targetHints":{"allow":["GET"]}}],"collection":[{"href":"https:\/\/www.yungayino.cl\/noticias\/index.php?rest_route=\/wp\/v2\/posts"}],"about":[{"href":"https:\/\/www.yungayino.cl\/noticias\/index.php?rest_route=\/wp\/v2\/types\/post"}],"author":[{"embeddable":true,"href":"https:\/\/www.yungayino.cl\/noticias\/index.php?rest_route=\/wp\/v2\/users\/2"}],"replies":[{"embeddable":true,"href":"https:\/\/www.yungayino.cl\/noticias\/index.php?rest_route=%2Fwp%2Fv2%2Fcomments&post=32248"}],"version-history":[{"count":3,"href":"https:\/\/www.yungayino.cl\/noticias\/index.php?rest_route=\/wp\/v2\/posts\/32248\/revisions"}],"predecessor-version":[{"id":32252,"href":"https:\/\/www.yungayino.cl\/noticias\/index.php?rest_route=\/wp\/v2\/posts\/32248\/revisions\/32252"}],"wp:featuredmedia":[{"embeddable":true,"href":"https:\/\/www.yungayino.cl\/noticias\/index.php?rest_route=\/wp\/v2\/media\/32249"}],"wp:attachment":[{"href":"https:\/\/www.yungayino.cl\/noticias\/index.php?rest_route=%2Fwp%2Fv2%2Fmedia&parent=32248"}],"wp:term":[{"taxonomy":"category","embeddable":true,"href":"https:\/\/www.yungayino.cl\/noticias\/index.php?rest_route=%2Fwp%2Fv2%2Fcategories&post=32248"},{"taxonomy":"post_tag","embeddable":true,"href":"https:\/\/www.yungayino.cl\/noticias\/index.php?rest_route=%2Fwp%2Fv2%2Ftags&post=32248"}],"curies":[{"name":"wp","href":"https:\/\/api.w.org\/{rel}","templated":true}]}}