{"id":32253,"date":"2025-01-19T12:00:25","date_gmt":"2025-01-19T15:00:25","guid":{"rendered":"https:\/\/www.yungayino.cl\/noticias\/?p=32253"},"modified":"2025-01-19T13:03:41","modified_gmt":"2025-01-19T16:03:41","slug":"con-los-halcones-negros-natalino-y-la-sonora-del-compadre-moncho-se-dio-inicio-a-los-show-de-la-semana-yungayina-2025-en-campanario","status":"publish","type":"post","link":"https:\/\/www.yungayino.cl\/noticias\/?p=32253","title":{"rendered":"Con Los Halcones Negros, Natalino y la Sonora del Compadre Moncho, se dio Inicio a los Show de la Semana Yungayina 2025 en Campanario"},"content":{"rendered":"<p><img loading=\"lazy\" decoding=\"async\" class=\"alignnone wp-image-32254 size-full\" src=\"https:\/\/www.yungayino.cl\/noticias\/wp-content\/uploads\/2025\/01\/portada-4.jpg\" alt=\"\" width=\"700\" height=\"349\" srcset=\"https:\/\/www.yungayino.cl\/noticias\/wp-content\/uploads\/2025\/01\/portada-4.jpg 700w, https:\/\/www.yungayino.cl\/noticias\/wp-content\/uploads\/2025\/01\/portada-4-300x150.jpg 300w\" sizes=\"auto, (max-width: 700px) 100vw, 700px\" \/><\/p>\n<p style=\"text-align: justify;\">Campanario, enero 2025: Con la participaci\u00f3n de <strong>Los Halcones Negros<\/strong>, <strong>Natalino<\/strong> y la <strong>Sonora del Compadre Moncho<\/strong> se dio inicio al show de la Semana Yungayina 2025 en el Estadio el Morro de Campanario, organizada por el Municipio para celebrar los 183 a\u00f1os de vida de nuestra comuna, jornada que cont\u00f3 con la animaci\u00f3n de <strong>Camilo Serres <\/strong>y una puesta escenogr\u00e1fica y sonido de gran nivel a cargo de la Productora MATHIEU.<\/p>\n<p style=\"text-align: justify;\"><strong>Los Halcones Negros, <\/strong>el grupo yungayino fueron los encargados de abrir la jornada, conectando de forma inmediata con el p\u00fablico, quienes disfrutaron de la m\u00fasica norte\u00f1a y cumbias rancheras para finalmente recibir el cari\u00f1o y aplausos de los asistentes.<\/p>\n<p style=\"text-align: justify;\">Luego se present\u00f3 el tr\u00edo nacional conformado por Cristi\u00e1n Natalino y los hermanos Hugo y Eduardo Manzi, <strong>Natalino <\/strong>fueron los encargados de poner todo el romanticismo, en el cual los asistentes vibraron y cantaron sus grandes \u00e9xitos musicales.<\/p>\n<p style=\"text-align: justify;\">Finalmente, esta primera noche la cerr\u00f3 la Banda Penquista <strong>La Sonora del Compadre Moncho,<\/strong> quienes con sus distintos ritmos tropicales hicieron bailar al p\u00fablico presente.<\/p>\n<p><strong>\u00a0<\/strong><\/p>\n<p>&nbsp;<\/p>\n<p style=\"text-align: center;\"><strong>FOTOGRAF\u00cdAS:<\/strong><\/p>\n<p style=\"text-align: center;\"><iframe loading=\"lazy\" style=\"border: none; overflow: hidden;\" src=\"https:\/\/www.facebook.com\/plugins\/post.php?href=https%3A%2F%2Fwww.facebook.com%2Fyungayino.cl%2Fposts%2Fpfbid0xyfBwZQ6mPy8T4HjdH5cNVHj7g8tLp3X3EddMQjvVfmBLhCtvgBofYQXvwrfN9dfl&amp;show_text=true&amp;width=500\" width=\"500\" height=\"771\" frameborder=\"0\" scrolling=\"no\" allowfullscreen=\"allowfullscreen\"><\/iframe><\/p>\n","protected":false},"excerpt":{"rendered":"<p>Campanario, enero 2025: Con la participaci\u00f3n de Los Halcones Negros, Natalino y la Sonora del Compadre Moncho se dio inicio al show de la Semana Yungayina 2025 en el Estadio el Morro de Campanario,&#46;&#46;&#46;<\/p>\n","protected":false},"author":2,"featured_media":32254,"comment_status":"closed","ping_status":"closed","sticky":false,"template":"","format":"standard","meta":{"footnotes":""},"categories":[5,1],"tags":[31,2166,2160,1115,149,3299,8,6,117],"class_list":["post-32253","post","type-post","status-publish","format-standard","has-post-thumbnail","hentry","category-eventos","category-noticias","tag-campanario","tag-halcones-negros","tag-natalino","tag-noticias","tag-semana-yungayina","tag-sonora-compadre-moncho","tag-yungay","tag-yungayino","tag-yungayinocl"],"_links":{"self":[{"href":"https:\/\/www.yungayino.cl\/noticias\/index.php?rest_route=\/wp\/v2\/posts\/32253","targetHints":{"allow":["GET"]}}],"collection":[{"href":"https:\/\/www.yungayino.cl\/noticias\/index.php?rest_route=\/wp\/v2\/posts"}],"about":[{"href":"https:\/\/www.yungayino.cl\/noticias\/index.php?rest_route=\/wp\/v2\/types\/post"}],"author":[{"embeddable":true,"href":"https:\/\/www.yungayino.cl\/noticias\/index.php?rest_route=\/wp\/v2\/users\/2"}],"replies":[{"embeddable":true,"href":"https:\/\/www.yungayino.cl\/noticias\/index.php?rest_route=%2Fwp%2Fv2%2Fcomments&post=32253"}],"version-history":[{"count":4,"href":"https:\/\/www.yungayino.cl\/noticias\/index.php?rest_route=\/wp\/v2\/posts\/32253\/revisions"}],"predecessor-version":[{"id":32258,"href":"https:\/\/www.yungayino.cl\/noticias\/index.php?rest_route=\/wp\/v2\/posts\/32253\/revisions\/32258"}],"wp:featuredmedia":[{"embeddable":true,"href":"https:\/\/www.yungayino.cl\/noticias\/index.php?rest_route=\/wp\/v2\/media\/32254"}],"wp:attachment":[{"href":"https:\/\/www.yungayino.cl\/noticias\/index.php?rest_route=%2Fwp%2Fv2%2Fmedia&parent=32253"}],"wp:term":[{"taxonomy":"category","embeddable":true,"href":"https:\/\/www.yungayino.cl\/noticias\/index.php?rest_route=%2Fwp%2Fv2%2Fcategories&post=32253"},{"taxonomy":"post_tag","embeddable":true,"href":"https:\/\/www.yungayino.cl\/noticias\/index.php?rest_route=%2Fwp%2Fv2%2Ftags&post=32253"}],"curies":[{"name":"wp","href":"https:\/\/api.w.org\/{rel}","templated":true}]}}