{"id":32303,"date":"2025-02-10T07:00:58","date_gmt":"2025-02-10T10:00:58","guid":{"rendered":"https:\/\/www.yungayino.cl\/noticias\/?p=32303"},"modified":"2025-02-03T09:51:54","modified_gmt":"2025-02-03T12:51:54","slug":"nuble-se-prepara-para-la-implementacion-de-la-nueva-licencia-digital-de-conducir","status":"publish","type":"post","link":"https:\/\/www.yungayino.cl\/noticias\/?p=32303","title":{"rendered":"\u00d1uble se prepara para la implementaci\u00f3n de la nueva Licencia Digital de Conducir"},"content":{"rendered":"<p><img loading=\"lazy\" decoding=\"async\" class=\"alignnone wp-image-32305 size-full\" src=\"https:\/\/www.yungayino.cl\/noticias\/wp-content\/uploads\/2025\/02\/foto-6.jpg\" alt=\"\" width=\"700\" height=\"350\" srcset=\"https:\/\/www.yungayino.cl\/noticias\/wp-content\/uploads\/2025\/02\/foto-6.jpg 700w, https:\/\/www.yungayino.cl\/noticias\/wp-content\/uploads\/2025\/02\/foto-6-300x150.jpg 300w\" sizes=\"auto, (max-width: 700px) 100vw, 700px\" \/><\/p>\n<p style=\"text-align: justify;\"><strong>\u00d1uble, febrero 2025: <\/strong>As\u00ed lo informaron la seremi de Gobierno, Valentina Pradenas, y el seremi de Transportes, Javier Isla, quienes proyectaron para el 1 de mayo su implementaci\u00f3n en la regi\u00f3n.<\/p>\n<p style=\"text-align: justify;\">Si bien, la regi\u00f3n de \u00d1uble comenzar\u00e1 la implementaci\u00f3n de la nueva licencia digital de conducir el pr\u00f3ximo <strong>1 de mayo<\/strong>, este avance tecnol\u00f3gico entrar\u00e1 en vigencia en algunas regiones del pa\u00eds a partir de este mi\u00e9rcoles 15 de enero. Este cambio marca un hito en la modernizaci\u00f3n de los instrumentos de control y fiscalizaci\u00f3n vial, fortaleciendo la seguridad en las v\u00edas mediante la incorporaci\u00f3n de elementos innovadores que dificultan su falsificaci\u00f3n y simplifican los controles vehiculares en terreno.<\/p>\n<p style=\"text-align: justify;\">\u201cEsta nueva licencia digital no solo moderniza un documento que no hab\u00eda sido actualizado desde el a\u00f1o 2000, sino que tambi\u00e9n pone en el centro la protecci\u00f3n de las personas al aumentar la seguridad vial y facilitar la labor de Carabineros, fiscalizadores del Ministerio de Transportes y Telecomunicaciones (MTT) y municipios\u201d, destac\u00f3 Valentina Pradenas, seremi de Gobierno de \u00d1uble.<\/p>\n<p style=\"text-align: justify;\">La implementaci\u00f3n ser\u00e1 progresiva en todo el pa\u00eds, iniciando en las regiones de Tarapac\u00e1 y Ays\u00e9n, para alcanzar la Regi\u00f3n Metropolitana en septiembre de 2025. Este cambio permitir\u00e1 renovar el documento actual con una nueva versi\u00f3n que incorpora la Firma Electr\u00f3nica del Estado, un c\u00f3digo de verificaci\u00f3n y un c\u00f3digo QR exclusivo, visible \u00fanicamente a trav\u00e9s de herramientas de fiscalizaci\u00f3n oficial.<\/p>\n<p style=\"text-align: justify;\">Es fundamental destacar que las licencias de conducir vigentes no requieren ser cambiadas al nuevo formato hasta el momento de su renovaci\u00f3n, lo que asegura una transici\u00f3n gradual y sin contratiempos para los conductores.<\/p>\n<p style=\"text-align: justify;\">Por su parte, el seremi de Transportes y Telecomunicaciones, Javier Isla, destac\u00f3 que diversos estudios internacionales se\u00f1alan que entre un 8% y 20% de las muertes anuales por siniestros viales son provocadas por conductores sin licencia o con licencias obtenidas de manera fraudulenta. \u201cLa digitalizaci\u00f3n de este documento no solo mejora los procesos de control, sino que adem\u00e1s sienta las bases para la futura implementaci\u00f3n de una licencia por puntos, una herramienta internacionalmente reconocida por su impacto en la reducci\u00f3n de accidentes viales con consecuencias fatales\u201d, agreg\u00f3 la autoridad.<\/p>\n<p style=\"text-align: justify;\">La nueva licencia digital se emitir\u00e1 gradualmente, a medida que los conductores renueven sus permisos o los obtengan por primera vez. Esta transformaci\u00f3n no solo representa un avance tecnol\u00f3gico, sino tambi\u00e9n un compromiso con la seguridad de todos quienes transitan por las v\u00edas de nuestro pa\u00eds.<\/p>\n<p style=\"text-align: justify;\">Para m\u00e1s informaci\u00f3n sobre el proceso de implementaci\u00f3n en la regi\u00f3n, las personas interesadas pueden contactar a la Direcci\u00f3n Regional del Ministerio de Transportes y Telecomunicaciones o visitar su sitio web oficial.<\/p>\n","protected":false},"excerpt":{"rendered":"<p>\u00d1uble, febrero 2025: As\u00ed lo informaron la seremi de Gobierno, Valentina Pradenas, y el seremi de Transportes, Javier Isla, quienes proyectaron para el 1 de mayo su implementaci\u00f3n en la regi\u00f3n. Si bien, la&#46;&#46;&#46;<\/p>\n","protected":false},"author":2,"featured_media":32305,"comment_status":"closed","ping_status":"closed","sticky":false,"template":"","format":"standard","meta":{"footnotes":""},"categories":[1],"tags":[3198,1115,1678,8,6,117],"class_list":["post-32303","post","type-post","status-publish","format-standard","has-post-thumbnail","hentry","category-noticias","tag-licencia-conducir","tag-noticias","tag-nuble","tag-yungay","tag-yungayino","tag-yungayinocl"],"_links":{"self":[{"href":"https:\/\/www.yungayino.cl\/noticias\/index.php?rest_route=\/wp\/v2\/posts\/32303","targetHints":{"allow":["GET"]}}],"collection":[{"href":"https:\/\/www.yungayino.cl\/noticias\/index.php?rest_route=\/wp\/v2\/posts"}],"about":[{"href":"https:\/\/www.yungayino.cl\/noticias\/index.php?rest_route=\/wp\/v2\/types\/post"}],"author":[{"embeddable":true,"href":"https:\/\/www.yungayino.cl\/noticias\/index.php?rest_route=\/wp\/v2\/users\/2"}],"replies":[{"embeddable":true,"href":"https:\/\/www.yungayino.cl\/noticias\/index.php?rest_route=%2Fwp%2Fv2%2Fcomments&post=32303"}],"version-history":[{"count":1,"href":"https:\/\/www.yungayino.cl\/noticias\/index.php?rest_route=\/wp\/v2\/posts\/32303\/revisions"}],"predecessor-version":[{"id":32306,"href":"https:\/\/www.yungayino.cl\/noticias\/index.php?rest_route=\/wp\/v2\/posts\/32303\/revisions\/32306"}],"wp:featuredmedia":[{"embeddable":true,"href":"https:\/\/www.yungayino.cl\/noticias\/index.php?rest_route=\/wp\/v2\/media\/32305"}],"wp:attachment":[{"href":"https:\/\/www.yungayino.cl\/noticias\/index.php?rest_route=%2Fwp%2Fv2%2Fmedia&parent=32303"}],"wp:term":[{"taxonomy":"category","embeddable":true,"href":"https:\/\/www.yungayino.cl\/noticias\/index.php?rest_route=%2Fwp%2Fv2%2Fcategories&post=32303"},{"taxonomy":"post_tag","embeddable":true,"href":"https:\/\/www.yungayino.cl\/noticias\/index.php?rest_route=%2Fwp%2Fv2%2Ftags&post=32303"}],"curies":[{"name":"wp","href":"https:\/\/api.w.org\/{rel}","templated":true}]}}