{"id":32307,"date":"2025-02-13T07:00:56","date_gmt":"2025-02-13T10:00:56","guid":{"rendered":"https:\/\/www.yungayino.cl\/noticias\/?p=32307"},"modified":"2025-02-12T17:20:38","modified_gmt":"2025-02-12T20:20:38","slug":"programa-lena-mas-seca-abre-su-convocatoria-en-nuble","status":"publish","type":"post","link":"https:\/\/www.yungayino.cl\/noticias\/?p=32307","title":{"rendered":"Programa \u201cLe\u00f1a M\u00e1s Seca\u201d abre su convocatoria en \u00d1uble"},"content":{"rendered":"<p><img loading=\"lazy\" decoding=\"async\" class=\"alignnone wp-image-32308 size-full\" src=\"https:\/\/www.yungayino.cl\/noticias\/wp-content\/uploads\/2025\/02\/foto7.jpg\" alt=\"\" width=\"700\" height=\"350\" srcset=\"https:\/\/www.yungayino.cl\/noticias\/wp-content\/uploads\/2025\/02\/foto7.jpg 700w, https:\/\/www.yungayino.cl\/noticias\/wp-content\/uploads\/2025\/02\/foto7-300x150.jpg 300w\" sizes=\"auto, (max-width: 700px) 100vw, 700px\" \/><\/p>\n<p style=\"text-align: justify;\">\u00d1uble, febrero 2025: La Seremi de Energ\u00eda y CONAF realiz\u00f3 una charla para emprendedores\/as del rubro sobre esta iniciativa que financia proyectos para aumentar la producci\u00f3n de le\u00f1a seca con est\u00e1ndares de calidad. Las postulaciones estar\u00e1n abiertas hasta el 14 de marzo de 2025.<\/p>\n<p style=\"text-align: justify;\">Una charla informativa sobre la convocatoria 2025 del programa \u201cLe\u00f1a M\u00e1s Seca\u201d realiz\u00f3 la Seremi de Energ\u00eda y la Direcci\u00f3n Regional de CONAF de \u00d1uble, para promover los alcances de esta iniciativa estatal que busca aumentar la producci\u00f3n de le\u00f1a seca con est\u00e1ndar de calidad en la zona centro y sur del pa\u00eds.<\/p>\n<p style=\"text-align: justify;\">La actividad tuvo lugar en el Centro Integral de Biomasa \u201cLe\u00f1a JMA\u201d, ubicado en el sector de Quilmo, en la zona suroriente de Chill\u00e1n, convocando a m\u00e1s de treinta emprendedores\/as del rubro, provenientes de distintas comunas de \u00d1uble.<\/p>\n<p style=\"text-align: justify;\">El programa, cuya convocatoria estar\u00e1 abierta hasta el 14 de marzo de este a\u00f1o, es una iniciativa del Ministerio de Energ\u00eda y la Agencia de Sostenibilidad Energ\u00e9tica, a trav\u00e9s del cual se considera financiamiento de proyectos de inversi\u00f3n en infraestructura, maquinarias y equipamientos, habilitando mayores capacidades de producci\u00f3n de le\u00f1a de calidad y menos contaminante entre las regiones de O\u2019Higgins y Ays\u00e9n.<\/p>\n<p style=\"text-align: justify;\">En el lanzamiento regional del programa, el seremi de Energ\u00eda, Dennis Rivas Oviedo, indic\u00f3 que \u201ceste programa busca aumentar la disponibilidad de este biocombustible tan utilizado, particularmente en las zonas rurales de nuestra regi\u00f3n de \u00d1uble, financiando proyectos de hasta 12 millones de pesos en equipamiento, maquinarias e infraestructura para productores\/as y comercializadores\/as de le\u00f1a con est\u00e1ndar de calidad\u201d.<\/p>\n<p style=\"text-align: justify;\">Esta iniciativa sintoniza con el trabajo que desarrolla el Programa de Dendroenerg\u00eda de CONAF, a trav\u00e9s del cual se busca fomentar la producci\u00f3n de le\u00f1a seca de origen legal, mediante la caracterizaci\u00f3n productiva, fomento de la trazabilidad y apoyo en proyectos de inversi\u00f3n como el +Bosques, Le\u00f1a M\u00e1s Seca y Sello de Calidad de Le\u00f1a.<\/p>\n<p style=\"text-align: justify;\">El director de CONAF \u00d1uble, Juan Salvador Ram\u00edrez, manifest\u00f3 que se trata de \u201cun trabajo mancomunado para el apalancamiento de recursos que permitan avanzar hacia un mayor n\u00famero de productores\/as y comercializadores\/as que oferten le\u00f1a certificada, de origen conocido, con menos de 25% de humedad, lo que es muy importante si consideramos que la regi\u00f3n consume anualmente 1 mill\u00f3n 200 mil metros c\u00fabicos de este biocombustible\u201d.<\/p>\n<p style=\"text-align: justify;\">En su versi\u00f3n 2024, el programa financi\u00f3 11 proyectos de la regi\u00f3n de \u00d1uble, y este a\u00f1o se contempla un pozo de 600 millones de pesos para el total de iniciativas que postulen le\u00f1eros y le\u00f1eras de las regiones participantes.<\/p>\n<p style=\"text-align: justify;\">Las postulaciones ser\u00e1n de manera digital en el sitio <a href=\"https:\/\/www.agenciase.org\/lenamasseca\/\">https:\/\/www.agenciase.org\/lenamasseca\/<\/a> y, de manera presencial, en las Seremis de Energ\u00eda de cada regi\u00f3n participante.<\/p>\n","protected":false},"excerpt":{"rendered":"<p>\u00d1uble, febrero 2025: La Seremi de Energ\u00eda y CONAF realiz\u00f3 una charla para emprendedores\/as del rubro sobre esta iniciativa que financia proyectos para aumentar la producci\u00f3n de le\u00f1a seca con est\u00e1ndares de calidad. Las&#46;&#46;&#46;<\/p>\n","protected":false},"author":2,"featured_media":32308,"comment_status":"closed","ping_status":"closed","sticky":false,"template":"","format":"standard","meta":{"footnotes":""},"categories":[1],"tags":[192,1115,1678,8,6,117],"class_list":["post-32307","post","type-post","status-publish","format-standard","has-post-thumbnail","hentry","category-noticias","tag-conaf","tag-noticias","tag-nuble","tag-yungay","tag-yungayino","tag-yungayinocl"],"_links":{"self":[{"href":"https:\/\/www.yungayino.cl\/noticias\/index.php?rest_route=\/wp\/v2\/posts\/32307","targetHints":{"allow":["GET"]}}],"collection":[{"href":"https:\/\/www.yungayino.cl\/noticias\/index.php?rest_route=\/wp\/v2\/posts"}],"about":[{"href":"https:\/\/www.yungayino.cl\/noticias\/index.php?rest_route=\/wp\/v2\/types\/post"}],"author":[{"embeddable":true,"href":"https:\/\/www.yungayino.cl\/noticias\/index.php?rest_route=\/wp\/v2\/users\/2"}],"replies":[{"embeddable":true,"href":"https:\/\/www.yungayino.cl\/noticias\/index.php?rest_route=%2Fwp%2Fv2%2Fcomments&post=32307"}],"version-history":[{"count":1,"href":"https:\/\/www.yungayino.cl\/noticias\/index.php?rest_route=\/wp\/v2\/posts\/32307\/revisions"}],"predecessor-version":[{"id":32309,"href":"https:\/\/www.yungayino.cl\/noticias\/index.php?rest_route=\/wp\/v2\/posts\/32307\/revisions\/32309"}],"wp:featuredmedia":[{"embeddable":true,"href":"https:\/\/www.yungayino.cl\/noticias\/index.php?rest_route=\/wp\/v2\/media\/32308"}],"wp:attachment":[{"href":"https:\/\/www.yungayino.cl\/noticias\/index.php?rest_route=%2Fwp%2Fv2%2Fmedia&parent=32307"}],"wp:term":[{"taxonomy":"category","embeddable":true,"href":"https:\/\/www.yungayino.cl\/noticias\/index.php?rest_route=%2Fwp%2Fv2%2Fcategories&post=32307"},{"taxonomy":"post_tag","embeddable":true,"href":"https:\/\/www.yungayino.cl\/noticias\/index.php?rest_route=%2Fwp%2Fv2%2Ftags&post=32307"}],"curies":[{"name":"wp","href":"https:\/\/api.w.org\/{rel}","templated":true}]}}