{"id":32316,"date":"2025-02-12T10:00:00","date_gmt":"2025-02-12T13:00:00","guid":{"rendered":"https:\/\/www.yungayino.cl\/noticias\/?p=32316"},"modified":"2025-02-12T17:26:38","modified_gmt":"2025-02-12T20:26:38","slug":"femicidio-en-yungay-sernameg-nuble-asume-la-defensa-de-la-victima","status":"publish","type":"post","link":"https:\/\/www.yungayino.cl\/noticias\/?p=32316","title":{"rendered":"Femicidio en Yungay: SernamEG \u00d1uble asume la defensa de la v\u00edctima"},"content":{"rendered":"<p><img loading=\"lazy\" decoding=\"async\" class=\"alignnone wp-image-32317 size-full\" src=\"https:\/\/www.yungayino.cl\/noticias\/wp-content\/uploads\/2025\/02\/SERNAMEG-696x525-1.png\" alt=\"\" width=\"700\" height=\"528\" srcset=\"https:\/\/www.yungayino.cl\/noticias\/wp-content\/uploads\/2025\/02\/SERNAMEG-696x525-1.png 700w, https:\/\/www.yungayino.cl\/noticias\/wp-content\/uploads\/2025\/02\/SERNAMEG-696x525-1-300x226.png 300w\" sizes=\"auto, (max-width: 700px) 100vw, 700px\" \/><\/p>\n<p style=\"text-align: justify;\">Yungay, febrero 2025: El Servicio tambi\u00e9n iniciar\u00e1 los tr\u00e1mites para conceder la pensi\u00f3n de protecci\u00f3n y reparaci\u00f3n a la hija menor de la mujer de 41 a\u00f1os.<\/p>\n<p style=\"text-align: justify;\">El Servicio Nacional de la Mujer y la Equidad de G\u00e9nero \u00d1uble representar\u00e1 legalmente a la familia de la v\u00edctima de femicidio consumado, una mujer de 41 a\u00f1os, ocurrido la madrugada de este 11 de febrero en la comuna de Yungay.<\/p>\n<p style=\"text-align: justify;\">\u201cTomamos conocimiento del lamentable y condenable femicidio consumado de una mujer de 41 a\u00f1os en la comuna de Yungay, activ\u00e1ndose el Circuito Intersectorial de Femicidios para coordinar con las instituciones participantes una respuesta especializada e integral a sus familiares\u201d, se\u00f1al\u00f3 la <strong>seremi de la Mujer y la Equidad de G\u00e9nero, Constanza S\u00e1nchez.<\/strong><\/p>\n<p style=\"text-align: justify;\">La autoridad regional detall\u00f3 que \u201cel SernamEG \u00d1uble se puso en contacto con la familia y se reuni\u00f3 con ellos para brindarles el apoyo psicol\u00f3gico y social, adem\u00e1s de ofrecer la representaci\u00f3n jur\u00eddica, la cual fue aceptada por la hija mayor de la v\u00edctima y permitir\u00e1 poner \u00e9nfasis en que la investigaci\u00f3n tenga perspectiva de g\u00e9nero y con ello, se pueda condenar con las m\u00e1ximas penas al responsable de esta muerte\u201d.<\/p>\n<p style=\"text-align: justify;\"><strong>El delegado presidencial de \u00d1uble, Rodrigo Garc\u00eda<\/strong>, precis\u00f3 que \u00abdurante la madrugada de este martes, una mujer de 41 a\u00f1os fue agredida por el exconviviente, por lo que fue trasladada al Hospital Herminda Mart\u00edn de Chill\u00e1n, lugar donde falleci\u00f3. El agresor fue capturado y puesto a disposici\u00f3n del Juzgado de Garant\u00eda de Yungay por parte de la PDI a trav\u00e9s de la Brigada de Homicidios. El sujeto ya ten\u00eda antecedentes previos, ya que en 2015 agredi\u00f3 a otra exconviviente bajo la figura de femicidio frustrado\u00bb.<\/p>\n<p style=\"text-align: justify;\">La direcci\u00f3n regional de SernamEG agreg\u00f3, adem\u00e1s, que el agresor fue detenido y pasar\u00e1 a control de detenci\u00f3n este 12 de febrero. Asimismo, confirm\u00f3 la existencia de una hija menor de edad de la v\u00edctima, por lo que <strong>se iniciar\u00e1n los tr\u00e1mites para conceder, en el marco de la ley 21.565, la pensi\u00f3n de protecci\u00f3n y reparaci\u00f3n correspondiente. <\/strong><\/p>\n<p style=\"text-align: justify;\">Por su parte, <strong>el gobernador regional de \u00d1uble, \u00d3scar Cris\u00f3stomo<\/strong> indic\u00f3 que \u201ccomo gobierno regional hemos decidido querellarnos contra la persona responsable de esta situaci\u00f3n. Creemos que este tipo de hechos son tremendamente graves, que no pueden ocurrir y esperamos que aqu\u00ed, a diferencia de lo que ocurri\u00f3 en los a\u00f1os anteriores, exista una condena a este individuo, ya que genera no solamente una situaci\u00f3n a la v\u00edctima, sino que tambi\u00e9n a tres personas que eran parte del n\u00facleo familiar que hoy est\u00e1n siendo atendidas por los distintos ministerios. Expresamos tambi\u00e9n nuestras condolencias a la familia por este hecho doloroso\u201d.<\/p>\n<p style=\"text-align: justify;\">Si eres v\u00edctima o testigo de violencia de g\u00e9nero, puedes recibir orientaci\u00f3n e informaci\u00f3n a trav\u00e9s del n\u00famero <strong>1455<\/strong> de forma gratuita y reservada. Para hacer denuncias pueden recurrir al <strong>133 de Carabineros<\/strong> y<strong> 134 de la Polic\u00eda de Investigaciones.<\/strong><\/p>\n","protected":false},"excerpt":{"rendered":"<p>Yungay, febrero 2025: El Servicio tambi\u00e9n iniciar\u00e1 los tr\u00e1mites para conceder la pensi\u00f3n de protecci\u00f3n y reparaci\u00f3n a la hija menor de la mujer de 41 a\u00f1os. El Servicio Nacional de la Mujer y&#46;&#46;&#46;<\/p>\n","protected":false},"author":2,"featured_media":32317,"comment_status":"closed","ping_status":"closed","sticky":false,"template":"","format":"standard","meta":{"footnotes":""},"categories":[1],"tags":[3308,1115,1697,8,6,117],"class_list":["post-32316","post","type-post","status-publish","format-standard","has-post-thumbnail","hentry","category-noticias","tag-femicidio","tag-noticias","tag-sernameg","tag-yungay","tag-yungayino","tag-yungayinocl"],"_links":{"self":[{"href":"https:\/\/www.yungayino.cl\/noticias\/index.php?rest_route=\/wp\/v2\/posts\/32316","targetHints":{"allow":["GET"]}}],"collection":[{"href":"https:\/\/www.yungayino.cl\/noticias\/index.php?rest_route=\/wp\/v2\/posts"}],"about":[{"href":"https:\/\/www.yungayino.cl\/noticias\/index.php?rest_route=\/wp\/v2\/types\/post"}],"author":[{"embeddable":true,"href":"https:\/\/www.yungayino.cl\/noticias\/index.php?rest_route=\/wp\/v2\/users\/2"}],"replies":[{"embeddable":true,"href":"https:\/\/www.yungayino.cl\/noticias\/index.php?rest_route=%2Fwp%2Fv2%2Fcomments&post=32316"}],"version-history":[{"count":1,"href":"https:\/\/www.yungayino.cl\/noticias\/index.php?rest_route=\/wp\/v2\/posts\/32316\/revisions"}],"predecessor-version":[{"id":32318,"href":"https:\/\/www.yungayino.cl\/noticias\/index.php?rest_route=\/wp\/v2\/posts\/32316\/revisions\/32318"}],"wp:featuredmedia":[{"embeddable":true,"href":"https:\/\/www.yungayino.cl\/noticias\/index.php?rest_route=\/wp\/v2\/media\/32317"}],"wp:attachment":[{"href":"https:\/\/www.yungayino.cl\/noticias\/index.php?rest_route=%2Fwp%2Fv2%2Fmedia&parent=32316"}],"wp:term":[{"taxonomy":"category","embeddable":true,"href":"https:\/\/www.yungayino.cl\/noticias\/index.php?rest_route=%2Fwp%2Fv2%2Fcategories&post=32316"},{"taxonomy":"post_tag","embeddable":true,"href":"https:\/\/www.yungayino.cl\/noticias\/index.php?rest_route=%2Fwp%2Fv2%2Ftags&post=32316"}],"curies":[{"name":"wp","href":"https:\/\/api.w.org\/{rel}","templated":true}]}}