{"id":32328,"date":"2025-02-27T14:20:42","date_gmt":"2025-02-27T17:20:42","guid":{"rendered":"https:\/\/www.yungayino.cl\/noticias\/?p=32328"},"modified":"2025-02-27T14:24:56","modified_gmt":"2025-02-27T17:24:56","slug":"alcaldesa-s-recibe-nuevo-camion-recolector-de-residuos-domiciliarios-para-yungay","status":"publish","type":"post","link":"https:\/\/www.yungayino.cl\/noticias\/?p=32328","title":{"rendered":"Alcaldesa (s) recibe nuevo cami\u00f3n recolector de residuos domiciliarios para Yungay"},"content":{"rendered":"<p><img loading=\"lazy\" decoding=\"async\" class=\"alignnone wp-image-32329 size-full\" src=\"https:\/\/www.yungayino.cl\/noticias\/wp-content\/uploads\/2025\/02\/portada-2.jpg\" alt=\"\" width=\"700\" height=\"350\" srcset=\"https:\/\/www.yungayino.cl\/noticias\/wp-content\/uploads\/2025\/02\/portada-2.jpg 700w, https:\/\/www.yungayino.cl\/noticias\/wp-content\/uploads\/2025\/02\/portada-2-300x150.jpg 300w\" sizes=\"auto, (max-width: 700px) 100vw, 700px\" \/><\/p>\n<p style=\"text-align: justify;\">Yungay, febrero 2025: La alcaldesa (s) Pamela Jelves Acu\u00f1a recibi\u00f3 un nuevo cami\u00f3n recolector de residuos domiciliarios, parte de la flota de 69 veh\u00edculos entregados por el Gobierno Regional de \u00d1uble para apoyar las necesidades de las comunas en toda la regi\u00f3n.<\/p>\n<p style=\"text-align: justify;\">Este moderno equipamiento permitir\u00e1 optimizar la recolecci\u00f3n de residuos domiciliarios en los distintos sectores de la comuna, mejorando la eficiencia del servicio y respondiendo de manera m\u00e1s efectiva a las necesidades de la comunidad yungayina.<\/p>\n<p style=\"text-align: justify;\">Durante la entrega, la alcaldesa (s) destac\u00f3 la importancia de esta inversi\u00f3n para el bienestar de la comuna, se\u00f1alando que es un compromiso del alcalde Rafael Cifuentes Rodr\u00edguez, contar con un parque vehicular que permita garantizar un servicio de calidad.<\/p>\n<p>&nbsp;<\/p>\n<p style=\"text-align: center;\"><strong>FOTOGRAF\u00cdAS:<\/strong><\/p>\n<p style=\"text-align: center;\"><iframe loading=\"lazy\" style=\"border: none; overflow: hidden;\" src=\"https:\/\/www.facebook.com\/plugins\/post.php?href=https%3A%2F%2Fwww.facebook.com%2Fyungayino.cl%2Fposts%2Fpfbid02UCHzg7c2Fq72qW6QzGRAMP187zkDFqzChG2VsDHsN7ArosBTLJnQBTWXiMVEKFzxl&amp;show_text=true&amp;width=500\" width=\"500\" height=\"809\" frameborder=\"0\" scrolling=\"no\" allowfullscreen=\"allowfullscreen\"><\/iframe><\/p>\n","protected":false},"excerpt":{"rendered":"<p>Yungay, febrero 2025: La alcaldesa (s) Pamela Jelves Acu\u00f1a recibi\u00f3 un nuevo cami\u00f3n recolector de residuos domiciliarios, parte de la flota de 69 veh\u00edculos entregados por el Gobierno Regional de \u00d1uble para apoyar las&#46;&#46;&#46;<\/p>\n","protected":false},"author":2,"featured_media":32329,"comment_status":"closed","ping_status":"closed","sticky":false,"template":"","format":"standard","meta":{"footnotes":""},"categories":[1],"tags":[1729,1115,8,6,117],"class_list":["post-32328","post","type-post","status-publish","format-standard","has-post-thumbnail","hentry","category-noticias","tag-camion-recolector","tag-noticias","tag-yungay","tag-yungayino","tag-yungayinocl"],"_links":{"self":[{"href":"https:\/\/www.yungayino.cl\/noticias\/index.php?rest_route=\/wp\/v2\/posts\/32328","targetHints":{"allow":["GET"]}}],"collection":[{"href":"https:\/\/www.yungayino.cl\/noticias\/index.php?rest_route=\/wp\/v2\/posts"}],"about":[{"href":"https:\/\/www.yungayino.cl\/noticias\/index.php?rest_route=\/wp\/v2\/types\/post"}],"author":[{"embeddable":true,"href":"https:\/\/www.yungayino.cl\/noticias\/index.php?rest_route=\/wp\/v2\/users\/2"}],"replies":[{"embeddable":true,"href":"https:\/\/www.yungayino.cl\/noticias\/index.php?rest_route=%2Fwp%2Fv2%2Fcomments&post=32328"}],"version-history":[{"count":4,"href":"https:\/\/www.yungayino.cl\/noticias\/index.php?rest_route=\/wp\/v2\/posts\/32328\/revisions"}],"predecessor-version":[{"id":32333,"href":"https:\/\/www.yungayino.cl\/noticias\/index.php?rest_route=\/wp\/v2\/posts\/32328\/revisions\/32333"}],"wp:featuredmedia":[{"embeddable":true,"href":"https:\/\/www.yungayino.cl\/noticias\/index.php?rest_route=\/wp\/v2\/media\/32329"}],"wp:attachment":[{"href":"https:\/\/www.yungayino.cl\/noticias\/index.php?rest_route=%2Fwp%2Fv2%2Fmedia&parent=32328"}],"wp:term":[{"taxonomy":"category","embeddable":true,"href":"https:\/\/www.yungayino.cl\/noticias\/index.php?rest_route=%2Fwp%2Fv2%2Fcategories&post=32328"},{"taxonomy":"post_tag","embeddable":true,"href":"https:\/\/www.yungayino.cl\/noticias\/index.php?rest_route=%2Fwp%2Fv2%2Ftags&post=32328"}],"curies":[{"name":"wp","href":"https:\/\/api.w.org\/{rel}","templated":true}]}}