{"id":32383,"date":"2025-03-08T07:00:01","date_gmt":"2025-03-08T10:00:01","guid":{"rendered":"https:\/\/www.yungayino.cl\/noticias\/?p=32383"},"modified":"2025-03-05T18:30:27","modified_gmt":"2025-03-05T21:30:27","slug":"autoridades-de-salud-dan-el-vamos-a-la-campana-de-inmunizacion-2025-en-nuble","status":"publish","type":"post","link":"https:\/\/www.yungayino.cl\/noticias\/?p=32383","title":{"rendered":"Autoridades de salud dan el vamos a la campa\u00f1a de inmunizaci\u00f3n 2025 en \u00d1uble"},"content":{"rendered":"<p><img loading=\"lazy\" decoding=\"async\" class=\"alignnone wp-image-32384 size-full\" src=\"https:\/\/www.yungayino.cl\/noticias\/wp-content\/uploads\/2025\/03\/Inicio-Vacunacion.jpg\" alt=\"\" width=\"700\" height=\"399\" srcset=\"https:\/\/www.yungayino.cl\/noticias\/wp-content\/uploads\/2025\/03\/Inicio-Vacunacion.jpg 700w, https:\/\/www.yungayino.cl\/noticias\/wp-content\/uploads\/2025\/03\/Inicio-Vacunacion-300x171.jpg 300w\" sizes=\"auto, (max-width: 700px) 100vw, 700px\" \/><\/p>\n<p style=\"text-align: justify;\">\u00d1uble, marzo 2025: Con la implementaci\u00f3n de un punto de vacunaci\u00f3n en el Mall Arauco Chill\u00e1n, Seremi de Salud y Servicio de Salud \u00d1uble encabezaron el lanzamiento de esta pol\u00edtica sanitaria que permitir\u00e1 proteger a la ciudadan\u00eda de los virus de invierno.<\/p>\n<p style=\"text-align: justify;\">Proteger de los virus respiratorios a los grupos de mayor riesgo antes que comience el invierno, es el objetivo adelantar el inicio de la Campa\u00f1a de Vacunaci\u00f3n e Inmunizaci\u00f3n 2025, que comienza a nivel nacional este 1 de marzo.<\/p>\n<p style=\"text-align: justify;\">\u00a0Hasta dependencias del punto extramural, dispuesto en el Mall Arauco Chill\u00e1n, se desplazaron este s\u00e1bado la Seremi de Salud de \u00d1uble, Dra. Michelle De Arcas Orellana, y el Subdirector de Gesti\u00f3n Asistencial del Servicio de Salud \u00d1uble (SS\u00d1), Dr. Max Besser Valenzuela, quienes reforzaron el llamado a la comunidad a cuidar su salud oportunamente.<\/p>\n<p style=\"text-align: justify;\">En esa l\u00ednea, la Seremi de Salud, recalc\u00f3 que, \u201cLos grupos objetivos de la campa\u00f1a de vacunaci\u00f3n contra la influenza, Virus Respiratorio Sincicial y COVID-19, podr\u00e1n recibir su inmunizaci\u00f3n desde el primero de marzo, sin importar si la persona es FONASA o Isapre, acudiendo a cualquier vacunatorio sin necesidad de pedir hora\u201d.<\/p>\n<p style=\"text-align: justify;\">Asimismo, la autoridad sanitaria destac\u00f3: \u201cAdelantamos la campa\u00f1a de vacunaci\u00f3n porque as\u00ed podemos proteger anticipadamente a todas las personas de mayor riesgo sobre todo antes de que comience el fr\u00edo. En los \u00faltimos a\u00f1os, despu\u00e9s de la pandemia, hemos notado que el peak de circulaci\u00f3n viral se adelant\u00f3 a mayo por eso queremos que la comunidad se prepare y acuda tempranamente a los centros de salud y puntos que se habilitar\u00e1n para vacunarse\u201d.<\/p>\n<p style=\"text-align: justify;\">Por su parte, el Dr. Besser, precis\u00f3: \u201cLa Influenza y el COVI-19 son patolog\u00edas que, si no prevenimos desde la vacunaci\u00f3n, pueden traer complicaciones respiratorias, lo que adem\u00e1s conlleva una atenci\u00f3n mayor en el nivel secundario. Al adelantar esta estrategia, que se pone en marcha considerando el escenario epidemiol\u00f3gico, el llamado es a que la poblaci\u00f3n de riesgo se acerque a los vacunatorios de los establecimientos de salud, as\u00ed como a los dispuestos en puntos estrat\u00e9gicos<strong>\u00ab. <\/strong><\/p>\n<p style=\"text-align: justify;\">\u201cDesde este lunes contaremos con puntos vacunaci\u00f3n habilitados en los distintos dispositivos de salud, con el objetivo de ir expandi\u00e9ndolo en operativos extramurales y as\u00ed abarcar a una mayor poblaci\u00f3n. Hoy iniciamos este proceso en el primer punto extramural, destacando que tambi\u00e9n se habilitar\u00e1 un punto en el CAE del Hospital de Chill\u00e1n y se realizar\u00e1 la vacunaci\u00f3n a las altas hospitalarias\u201d, recalc\u00f3 el profesional.<\/p>\n<h4 style=\"text-align: justify;\"><strong>Poblaci\u00f3n Objetivo<\/strong><\/h4>\n<p style=\"text-align: justify;\">Entre los grupos que deben vacunarse contra la\u00a0<strong>Influenza y el COVID-19 <\/strong>est\u00e1n el\u00a0<strong>personal de salud (p\u00fablico y privado), personas de 60 a\u00f1os y m\u00e1s, personas con patolog\u00edas cr\u00f3nicas (desde los 6 meses en COVID-19 y entre los 11 y 59 a\u00f1os en Influenza), gestantes y cuidadores de personas mayores y funcionarios de ELEAM<\/strong>. En el caso particular de la vacuna contra\u00a0<strong>Influenza<\/strong>, tambi\u00e9n incorpora a los\u00a0<strong>ni\u00f1os y ni\u00f1as desde los seis meses hasta quinto b\u00e1sico y docentes y asistentes de la educaci\u00f3n preescolar y escolar hasta 8vo b\u00e1sico.<\/strong><\/p>\n<p style=\"text-align: justify;\">La campa\u00f1a adem\u00e1s incluye la inmunizaci\u00f3n contra el\u00a0Virus Respiratorio Sincicial, con Nirsevimab, la cual se administrar\u00e1 por segundo a\u00f1o consecutivo de manera gratuita y universal a los\u00a0lactantes nacidos a partir del 1 de octubre de 2024 y reci\u00e9n nacidos en las maternidades.<\/p>\n<p style=\"text-align: justify;\">Destacar que, ante dudas o consultas, pueden llame gratis al\u00a0600 360 77 77 de Salud Responde. Asimismo, los puntos dispuestos en \u00d1uble, los pueden revisar en <strong><a href=\"https:\/\/serviciodesaludnuble.cl\/portal\/\">https:\/\/serviciodesaludnuble.cl\/portal\/<\/a> <\/strong>y las Redes Sociales de la Seremi de Salud y Servicio de Salud \u00d1uble.<\/p>\n","protected":false},"excerpt":{"rendered":"<p>\u00d1uble, marzo 2025: Con la implementaci\u00f3n de un punto de vacunaci\u00f3n en el Mall Arauco Chill\u00e1n, Seremi de Salud y Servicio de Salud \u00d1uble encabezaron el lanzamiento de esta pol\u00edtica sanitaria que permitir\u00e1 proteger&#46;&#46;&#46;<\/p>\n","protected":false},"author":2,"featured_media":32384,"comment_status":"closed","ping_status":"closed","sticky":false,"template":"","format":"standard","meta":{"footnotes":""},"categories":[1,1675,1676],"tags":[1115,65,185,8,6,117],"class_list":["post-32383","post","type-post","status-publish","format-standard","has-post-thumbnail","hentry","category-noticias","category-saludc","category-salud","tag-noticias","tag-salud","tag-vacunacion","tag-yungay","tag-yungayino","tag-yungayinocl"],"_links":{"self":[{"href":"https:\/\/www.yungayino.cl\/noticias\/index.php?rest_route=\/wp\/v2\/posts\/32383","targetHints":{"allow":["GET"]}}],"collection":[{"href":"https:\/\/www.yungayino.cl\/noticias\/index.php?rest_route=\/wp\/v2\/posts"}],"about":[{"href":"https:\/\/www.yungayino.cl\/noticias\/index.php?rest_route=\/wp\/v2\/types\/post"}],"author":[{"embeddable":true,"href":"https:\/\/www.yungayino.cl\/noticias\/index.php?rest_route=\/wp\/v2\/users\/2"}],"replies":[{"embeddable":true,"href":"https:\/\/www.yungayino.cl\/noticias\/index.php?rest_route=%2Fwp%2Fv2%2Fcomments&post=32383"}],"version-history":[{"count":3,"href":"https:\/\/www.yungayino.cl\/noticias\/index.php?rest_route=\/wp\/v2\/posts\/32383\/revisions"}],"predecessor-version":[{"id":32387,"href":"https:\/\/www.yungayino.cl\/noticias\/index.php?rest_route=\/wp\/v2\/posts\/32383\/revisions\/32387"}],"wp:featuredmedia":[{"embeddable":true,"href":"https:\/\/www.yungayino.cl\/noticias\/index.php?rest_route=\/wp\/v2\/media\/32384"}],"wp:attachment":[{"href":"https:\/\/www.yungayino.cl\/noticias\/index.php?rest_route=%2Fwp%2Fv2%2Fmedia&parent=32383"}],"wp:term":[{"taxonomy":"category","embeddable":true,"href":"https:\/\/www.yungayino.cl\/noticias\/index.php?rest_route=%2Fwp%2Fv2%2Fcategories&post=32383"},{"taxonomy":"post_tag","embeddable":true,"href":"https:\/\/www.yungayino.cl\/noticias\/index.php?rest_route=%2Fwp%2Fv2%2Ftags&post=32383"}],"curies":[{"name":"wp","href":"https:\/\/api.w.org\/{rel}","templated":true}]}}