{"id":32389,"date":"2025-02-20T07:00:57","date_gmt":"2025-02-20T10:00:57","guid":{"rendered":"https:\/\/www.yungayino.cl\/noticias\/?p=32389"},"modified":"2025-03-11T20:09:44","modified_gmt":"2025-03-11T23:09:44","slug":"engie-lanza-catalogo-de-proveedores-locales-en-pemuco-para-impulsar-el-desarrollo-economico-regional","status":"publish","type":"post","link":"https:\/\/www.yungayino.cl\/noticias\/?p=32389","title":{"rendered":"ENGIE lanza cat\u00e1logo de proveedores locales en Pemuco para impulsar el desarrollo econ\u00f3mico regional"},"content":{"rendered":"<p><img loading=\"lazy\" decoding=\"async\" class=\"alignnone wp-image-32390 size-full\" src=\"https:\/\/www.yungayino.cl\/noticias\/wp-content\/uploads\/2025\/03\/ENGIE-Chile.jpg\" alt=\"\" width=\"700\" height=\"350\" srcset=\"https:\/\/www.yungayino.cl\/noticias\/wp-content\/uploads\/2025\/03\/ENGIE-Chile.jpg 700w, https:\/\/www.yungayino.cl\/noticias\/wp-content\/uploads\/2025\/03\/ENGIE-Chile-300x150.jpg 300w\" sizes=\"auto, (max-width: 700px) 100vw, 700px\" \/><\/p>\n<p style=\"text-align: justify;\">Pemuco, febrero 2025: La compa\u00f1\u00eda present\u00f3 una plataforma que re\u00fane a proveedores locales formalizados, facilitando su acceso a oportunidades de negocio y promoviendo el crecimiento econ\u00f3mico de la comuna.<\/p>\n<p style=\"text-align: justify;\">En una iniciativa que refuerza su compromiso con el desarrollo local, ENGIE present\u00f3 el Cat\u00e1logo de Proveedores Locales en la comuna de Pemuco. La ceremonia de lanzamiento se realiz\u00f3 en La Casona y reuni\u00f3 a autoridades, dirigentes sociales y representantes de la comunidad, marcando un hito en la relaci\u00f3n de la compa\u00f1\u00eda con el entorno.<\/p>\n<p style=\"text-align: justify;\">El evento cont\u00f3 con la presencia del alcalde de Pemuco, Johnnson Gui\u00f1ez Nu\u00f1ez; el Seremi de Energ\u00eda, Dennis Rivas; el Seremi de Econom\u00eda, Erick Solo de Zald\u00edvar; representantes de la Fundaci\u00f3n La Semilla y la Mesa de Participaci\u00f3n, Di\u00e1logo y Convivencia, adem\u00e1s de numerosos proveedores locales que forman parte del cat\u00e1logo.<\/p>\n<p style=\"text-align: justify;\">Durante la ceremonia, Julio Cuadra, Gerente de Comunidades y Sostenibilidad de la Zona Sur de ENGIE, destac\u00f3 el prop\u00f3sito de esta iniciativa: \u00abEste cat\u00e1logo no solo busca visibilizar la oferta de productos y servicios de los emprendedores locales, sino que tambi\u00e9n fortalecer el v\u00ednculo entre ENGIE y la comunidad, promoviendo el desarrollo econ\u00f3mico y social de la zona\u00bb. Asimismo, enfatiz\u00f3 que la iniciativa es parte de la estrategia ASG (Ambiental, Social y Gobernanza) de la compa\u00f1\u00eda, que busca generar un impacto positivo y sustentable en las comunidades donde opera.<\/p>\n<p style=\"text-align: justify;\">El Cat\u00e1logo de Proveedores Locales es una herramienta dise\u00f1ada para facilitar la contrataci\u00f3n de servicios y productos dentro de la comuna, promoviendo la inclusi\u00f3n de peque\u00f1os y medianos empresarios en la cadena de valor de la industria energ\u00e9tica. Su elaboraci\u00f3n fue posible gracias al trabajo colaborativo con la Fundaci\u00f3n La Semilla y el apoyo del municipio, que permitieron identificar y registrar a los proveedores.<\/p>\n<p style=\"text-align: justify;\">El Alcalde Johnnson Gui\u00f1ez Nu\u00f1ez valor\u00f3 la iniciativa y su impacto en la comunidad: \u00abEste cat\u00e1logo es una herramienta clave para fortalecer la econom\u00eda local, facilitando oportunidades de negocio y fomentando el desarrollo sostenible de nuestra comuna\u00bb.<\/p>\n<p style=\"text-align: justify;\">Tras las intervenciones, los asistentes pudieron compartir en un espacio de di\u00e1logo y fortalecer los lazos entre la comunidad, las autoridades y la compa\u00f1\u00eda. Esta actividad se enmarca en la Pol\u00edtica de Asociatividad de ENGIE, la cual define prioridades y compromisos para sumar valor compartido a todos los grupos de inter\u00e9s. Su principal objetivo es ser un aporte a la econom\u00eda local mediante la contrataci\u00f3n de bienes y servicios a proveedores locales, promoviendo una relaci\u00f3n con el entorno, sus habitantes y entidades.<\/p>\n<p style=\"text-align: justify;\">Con esta iniciativa, ENGIE reafirma su compromiso con la sostenibilidad y el progreso de los territorios en los que desarrolla sus proyectos.<\/p>\n","protected":false},"excerpt":{"rendered":"<p>Pemuco, febrero 2025: La compa\u00f1\u00eda present\u00f3 una plataforma que re\u00fane a proveedores locales formalizados, facilitando su acceso a oportunidades de negocio y promoviendo el crecimiento econ\u00f3mico de la comuna. En una iniciativa que refuerza&#46;&#46;&#46;<\/p>\n","protected":false},"author":2,"featured_media":32390,"comment_status":"closed","ping_status":"closed","sticky":false,"template":"","format":"standard","meta":{"footnotes":""},"categories":[1,32],"tags":[1708,1115,30,8,6,117],"class_list":["post-32389","post","type-post","status-publish","format-standard","has-post-thumbnail","hentry","category-noticias","category-servicios","tag-engie","tag-noticias","tag-pemuco","tag-yungay","tag-yungayino","tag-yungayinocl"],"_links":{"self":[{"href":"https:\/\/www.yungayino.cl\/noticias\/index.php?rest_route=\/wp\/v2\/posts\/32389","targetHints":{"allow":["GET"]}}],"collection":[{"href":"https:\/\/www.yungayino.cl\/noticias\/index.php?rest_route=\/wp\/v2\/posts"}],"about":[{"href":"https:\/\/www.yungayino.cl\/noticias\/index.php?rest_route=\/wp\/v2\/types\/post"}],"author":[{"embeddable":true,"href":"https:\/\/www.yungayino.cl\/noticias\/index.php?rest_route=\/wp\/v2\/users\/2"}],"replies":[{"embeddable":true,"href":"https:\/\/www.yungayino.cl\/noticias\/index.php?rest_route=%2Fwp%2Fv2%2Fcomments&post=32389"}],"version-history":[{"count":1,"href":"https:\/\/www.yungayino.cl\/noticias\/index.php?rest_route=\/wp\/v2\/posts\/32389\/revisions"}],"predecessor-version":[{"id":32391,"href":"https:\/\/www.yungayino.cl\/noticias\/index.php?rest_route=\/wp\/v2\/posts\/32389\/revisions\/32391"}],"wp:featuredmedia":[{"embeddable":true,"href":"https:\/\/www.yungayino.cl\/noticias\/index.php?rest_route=\/wp\/v2\/media\/32390"}],"wp:attachment":[{"href":"https:\/\/www.yungayino.cl\/noticias\/index.php?rest_route=%2Fwp%2Fv2%2Fmedia&parent=32389"}],"wp:term":[{"taxonomy":"category","embeddable":true,"href":"https:\/\/www.yungayino.cl\/noticias\/index.php?rest_route=%2Fwp%2Fv2%2Fcategories&post=32389"},{"taxonomy":"post_tag","embeddable":true,"href":"https:\/\/www.yungayino.cl\/noticias\/index.php?rest_route=%2Fwp%2Fv2%2Ftags&post=32389"}],"curies":[{"name":"wp","href":"https:\/\/api.w.org\/{rel}","templated":true}]}}