{"id":32439,"date":"2025-03-30T07:00:49","date_gmt":"2025-03-30T10:00:49","guid":{"rendered":"https:\/\/www.yungayino.cl\/noticias\/?p=32439"},"modified":"2025-03-27T22:52:45","modified_gmt":"2025-03-28T01:52:45","slug":"58-mil-personas-se-han-vacunado-contra-la-influenza-en-nuble","status":"publish","type":"post","link":"https:\/\/www.yungayino.cl\/noticias\/?p=32439","title":{"rendered":"58 mil personas se han vacunado contra la Influenza en \u00d1uble"},"content":{"rendered":"<p><img loading=\"lazy\" decoding=\"async\" class=\"alignnone wp-image-32440 size-full\" src=\"https:\/\/www.yungayino.cl\/noticias\/wp-content\/uploads\/2025\/03\/vacuna.jpg\" alt=\"\" width=\"700\" height=\"350\" srcset=\"https:\/\/www.yungayino.cl\/noticias\/wp-content\/uploads\/2025\/03\/vacuna.jpg 700w, https:\/\/www.yungayino.cl\/noticias\/wp-content\/uploads\/2025\/03\/vacuna-300x150.jpg 300w\" sizes=\"auto, (max-width: 700px) 100vw, 700px\" \/><\/p>\n<p style=\"text-align: justify;\">\u00d1uble, marzo 2025 Con el inicio anticipado de la Campa\u00f1a de Vacunaci\u00f3n e Inmunizaci\u00f3n 2025, se ha logrado proteger a un 18% de la poblaci\u00f3n objetivo de \u00d1uble, mientras que m\u00e1s de 500 lactantes han sido inoculados contra el Virus Respiratorio Sincicial.<\/p>\n<p style=\"text-align: justify;\">Hasta la comuna de San Nicol\u00e1s se desplegaron los equipos de salud de \u00d1uble a inmunizar a los ni\u00f1os y ni\u00f1as de los grupos objetivo del Liceo Bicentenario de Excelencia Polivalente de la comuna. En la instancia, autoridades y profesionales de la red asistencial reforzaron el llamado a la comunidad a sumarse a esta estrategia que comenz\u00f3 el 1 de marzo, permitiendo proteger a la comunidad de las enfermedades respiratorias como la Influenza, Covid-19 y Virus Respiratorio Sincicial.<\/p>\n<p style=\"text-align: justify;\">Una campa\u00f1a que ha tenido positivos resultados en \u00d1uble, donde 58.614 personas, de un total de 322 mil, ya se han vacunado contra la Influenza. Asimismo, en el proceso de inoculaci\u00f3n con el medicamento monoclonal Nirsevimab, la regi\u00f3n alcanza un 32,90% de cobertura, con 533 lactantes protegidos, ocupando el primer lugar a nivel nacional en esta estrategia.<\/p>\n<p style=\"text-align: justify;\"><strong>\u201cEste a\u00f1o adelantamos el inicio de la campa\u00f1a de vacunaci\u00f3n, considerando que, se prev\u00e9 que el peak de circulaci\u00f3n viral se adelante por lo que queremos estar preparados y proteger a la mayor cantidad de personas posible, reduciendo as\u00ed el riesgo de complicaciones y cuadros graves. A la fecha, la comunidad ha respondido al llamado del Ministerio de Salud, permiti\u00e9ndonos inmunizar a m\u00e1s de 50 mil personas en la regi\u00f3n de \u00d1uble, lo que equivale a un 18,20 % de cobertura\u201d, indic\u00f3 el Seremi de Salud (s), Gustavo Rojas Medina<\/strong><\/p>\n<p style=\"text-align: justify;\">En esta l\u00ednea, la\u00a0<strong>Directora del Servicio de Salud \u00d1uble (SS\u00d1), Elizabeth Abarca Trivi\u00f1o<\/strong>, destac\u00f3: \u201ciniciar antes esta campa\u00f1a tiene como principal objetivo cuidar la salud de la poblaci\u00f3n m\u00e1s vulnerable previo a las semanas en que se incrementa la circulaci\u00f3n de los virus respiratorios. La inoculaci\u00f3n es una de las estrategias m\u00e1s efectivas para prevenir enfermedades como la influenza y el virus respiratorio sincicial (VRS), reduciendo las complicaciones graves y hospitalizaciones asociadas a estas patolog\u00edas\u201d.<\/p>\n<p style=\"text-align: justify;\"><strong>\u201cQueremos invitar a toda la comunidad a acercarse a los m\u00e1s de 60 puntos de inmunizaci\u00f3n dispuestos en la regi\u00f3n. Hablamos de un proceso clave para protegernos a nosotros mismos y a quienes nos rodean, especialmente a los m\u00e1s vulnerables. Vacunarse es un acto de responsabilidad y solidaridad que nos ayuda a enfrentar de mejor manera la temporada invernal\u201d, recalc\u00f3 la directiva<\/strong>.<\/p>\n<h4 style=\"text-align: justify;\"><strong>Poblaci\u00f3n de riesgo<\/strong><\/h4>\n<p style=\"text-align: justify;\">Entre los grupos que deben vacunarse contra la Influenza y el COVID-19 est\u00e1n el personal de salud (p\u00fablico y privado), personas de 60 a\u00f1os y m\u00e1s, personas con patolog\u00edas cr\u00f3nicas, desde los 6 meses en COVID-19 y entre los 11 y 59 a\u00f1os en Influenza, gestantes y cuidadores de personas mayores y funcionarios de ELEAM (Establecimientos de Larga Estad\u00eda, para Adultos Mayores). En el caso particular de la vacuna contra Influenza, tambi\u00e9n incorpora a los ni\u00f1os y ni\u00f1as desde los seis meses hasta quinto b\u00e1sico, adem\u00e1s de docentes y asistentes de la educaci\u00f3n preescolar y escolar hasta 8vo b\u00e1sico.<\/p>\n<p style=\"text-align: justify;\">La inmunizaci\u00f3n con Nirsevimab, beneficia a los lactantes nacidos a partir del 1 de octubre de 2024 y reci\u00e9n nacidos en las maternidades de nuestra red de salud.<\/p>\n<p style=\"text-align: justify;\">Destacar que, ante dudas o consultas, pueden llamar al <strong>fono Salud Responde, 600 360 7777<\/strong>. Asimismo, los puntos habilitados en \u00d1uble est\u00e1n disponibles en la p\u00e1gina web <strong><a href=\"https:\/\/serviciodesaludnuble.cl\/portal\/\">https:\/\/serviciodesaludnuble.cl\/portal\/<\/a><\/strong>.<\/p>\n","protected":false},"excerpt":{"rendered":"<p>\u00d1uble, marzo 2025 Con el inicio anticipado de la Campa\u00f1a de Vacunaci\u00f3n e Inmunizaci\u00f3n 2025, se ha logrado proteger a un 18% de la poblaci\u00f3n objetivo de \u00d1uble, mientras que m\u00e1s de 500 lactantes&#46;&#46;&#46;<\/p>\n","protected":false},"author":2,"featured_media":32440,"comment_status":"closed","ping_status":"closed","sticky":false,"template":"","format":"standard","meta":{"footnotes":""},"categories":[1,1675,1676],"tags":[341,1115,1678,65,2426,8,6,117],"class_list":["post-32439","post","type-post","status-publish","format-standard","has-post-thumbnail","hentry","category-noticias","category-saludc","category-salud","tag-influenza","tag-noticias","tag-nuble","tag-salud","tag-vacuna","tag-yungay","tag-yungayino","tag-yungayinocl"],"_links":{"self":[{"href":"https:\/\/www.yungayino.cl\/noticias\/index.php?rest_route=\/wp\/v2\/posts\/32439","targetHints":{"allow":["GET"]}}],"collection":[{"href":"https:\/\/www.yungayino.cl\/noticias\/index.php?rest_route=\/wp\/v2\/posts"}],"about":[{"href":"https:\/\/www.yungayino.cl\/noticias\/index.php?rest_route=\/wp\/v2\/types\/post"}],"author":[{"embeddable":true,"href":"https:\/\/www.yungayino.cl\/noticias\/index.php?rest_route=\/wp\/v2\/users\/2"}],"replies":[{"embeddable":true,"href":"https:\/\/www.yungayino.cl\/noticias\/index.php?rest_route=%2Fwp%2Fv2%2Fcomments&post=32439"}],"version-history":[{"count":2,"href":"https:\/\/www.yungayino.cl\/noticias\/index.php?rest_route=\/wp\/v2\/posts\/32439\/revisions"}],"predecessor-version":[{"id":32442,"href":"https:\/\/www.yungayino.cl\/noticias\/index.php?rest_route=\/wp\/v2\/posts\/32439\/revisions\/32442"}],"wp:featuredmedia":[{"embeddable":true,"href":"https:\/\/www.yungayino.cl\/noticias\/index.php?rest_route=\/wp\/v2\/media\/32440"}],"wp:attachment":[{"href":"https:\/\/www.yungayino.cl\/noticias\/index.php?rest_route=%2Fwp%2Fv2%2Fmedia&parent=32439"}],"wp:term":[{"taxonomy":"category","embeddable":true,"href":"https:\/\/www.yungayino.cl\/noticias\/index.php?rest_route=%2Fwp%2Fv2%2Fcategories&post=32439"},{"taxonomy":"post_tag","embeddable":true,"href":"https:\/\/www.yungayino.cl\/noticias\/index.php?rest_route=%2Fwp%2Fv2%2Ftags&post=32439"}],"curies":[{"name":"wp","href":"https:\/\/api.w.org\/{rel}","templated":true}]}}