{"id":32443,"date":"2025-04-04T07:00:19","date_gmt":"2025-04-04T10:00:19","guid":{"rendered":"https:\/\/www.yungayino.cl\/noticias\/?p=32443"},"modified":"2025-04-03T19:04:32","modified_gmt":"2025-04-03T22:04:32","slug":"reserva-nacional-nuble-tendra-acceso-gratuito-para-el-dia-del-deporte","status":"publish","type":"post","link":"https:\/\/www.yungayino.cl\/noticias\/?p=32443","title":{"rendered":"Reserva Nacional \u00d1uble tendr\u00e1 acceso gratuito para el D\u00eda del Deporte"},"content":{"rendered":"<p><img loading=\"lazy\" decoding=\"async\" class=\"alignnone wp-image-32444 size-full\" src=\"https:\/\/www.yungayino.cl\/noticias\/wp-content\/uploads\/2025\/03\/reserva-nacional-nuble.jpg\" alt=\"\" width=\"700\" height=\"368\" srcset=\"https:\/\/www.yungayino.cl\/noticias\/wp-content\/uploads\/2025\/03\/reserva-nacional-nuble.jpg 700w, https:\/\/www.yungayino.cl\/noticias\/wp-content\/uploads\/2025\/03\/reserva-nacional-nuble-300x158.jpg 300w\" sizes=\"auto, (max-width: 700px) 100vw, 700px\" \/><\/p>\n<p style=\"text-align: justify;\">\u00d1uble, abril 2025: De esta forma CONAF \u00d1uble se suma a la agenda deportiva nacional del domingo 6 de abril.<\/p>\n<p style=\"text-align: justify;\">Para ello, las y los visitantes deber\u00e1n ingresar al sitio <strong><a href=\"https:\/\/www.pasesparques.cl\/\">https:\/\/www.pasesparques.cl\/<\/a> <\/strong>y acceder al beneficio colocando el c\u00f3digo Deporte2025.<\/p>\n<p style=\"text-align: justify;\">Diecinueve \u00e1reas protegidas administradas por la Corporaci\u00f3n Nacional Forestal (CONAF), entre parques nacionales, reservas nacionales y monumentos naturales, formar\u00e1n parte de la celebraci\u00f3n del D\u00eda Nacional del Deporte el pr\u00f3ximo domingo 6 de abril.<\/p>\n<p style=\"text-align: justify;\">Entre estas, la Reserva Nacional \u00d1uble que ese d\u00eda abrir\u00e1 sus puertas de forma gratuita para las y los visitantes que quieran disfrutar de esta celebraci\u00f3n nacional a trav\u00e9s del contacto con el patrimonio natural que ofrece este espacio cordillerano.<\/p>\n<p style=\"text-align: justify;\">Una informaci\u00f3n que fue oficializada en Santiago por la directora ejecutiva de CONAF, A\u00edda Baldini, y ratificada a nivel local en el marco de una reuni\u00f3n regional de coordinaci\u00f3n convocada por la Seremi del Deporte de \u00d1uble.<\/p>\n<p style=\"text-align: justify;\">Mario Valdebenito, jefe del Departamento de \u00c1reas Silvestres Protegidas de CONAF \u00d1uble, precis\u00f3 que \u201cla Reserva Nacional \u00d1uble estar\u00e1 en modalidad gratuita para todos aquellos que ingresen en la plataforma <strong><a href=\"https:\/\/www.pasesparques.cl\/\">https:\/\/www.pasesparques.cl\/<\/a><\/strong>, seleccionando el nombre de esta unidad y digitando luego el c\u00f3digo DEPORTE2025\u201d.<\/p>\n<p style=\"text-align: justify;\">Agreg\u00f3 que \u201cdentro de nuestras \u00e1reas protegidas tenemos lugares de uso p\u00fablico donde se pueden desarrollar actividades f\u00edsicas, recreativas y deportivas en contacto con la naturaleza, como zonas de trekking y senderismo, que en definitiva son actividades que suman al bienestar humano y la salud de las personas\u201d.<\/p>\n<p style=\"text-align: justify;\">Por otra parte, la oportunidad de disfrutar de estos parajes naturales, son una oportunidad para que cada vez m\u00e1s personas conozcan la labor de conservaci\u00f3n realizada en estas unidades a lo largo del pa\u00eds.<\/p>\n<p style=\"text-align: justify;\">En el caso de la regi\u00f3n de \u00d1uble, adem\u00e1s tenemos la Reserva Nacional Los Huemules de Niblinto, emplazada en la zona cordillerana de la comuna de Coihueco, cuyo ingreso est\u00e1 definido sin costo asociado y por lo mismo no se encuentra en el sistema de pasesparques.cl, donde las y los visitantes s\u00f3lo deben llegar a ingreso para registrarse y disfrutar gratuitamente de los ecosistemas del lugar.<\/p>\n","protected":false},"excerpt":{"rendered":"<p>\u00d1uble, abril 2025: De esta forma CONAF \u00d1uble se suma a la agenda deportiva nacional del domingo 6 de abril. Para ello, las y los visitantes deber\u00e1n ingresar al sitio https:\/\/www.pasesparques.cl\/ y acceder al&#46;&#46;&#46;<\/p>\n","protected":false},"author":2,"featured_media":32444,"comment_status":"closed","ping_status":"closed","sticky":false,"template":"","format":"standard","meta":{"footnotes":""},"categories":[17,1],"tags":[1120,3130,3318,1678,8,6,117],"class_list":["post-32443","post","type-post","status-publish","format-standard","has-post-thumbnail","hentry","category-deporte","category-noticias","tag-deporte","tag-dia-del-deporte","tag-noticias-conaf","tag-nuble","tag-yungay","tag-yungayino","tag-yungayinocl"],"_links":{"self":[{"href":"https:\/\/www.yungayino.cl\/noticias\/index.php?rest_route=\/wp\/v2\/posts\/32443","targetHints":{"allow":["GET"]}}],"collection":[{"href":"https:\/\/www.yungayino.cl\/noticias\/index.php?rest_route=\/wp\/v2\/posts"}],"about":[{"href":"https:\/\/www.yungayino.cl\/noticias\/index.php?rest_route=\/wp\/v2\/types\/post"}],"author":[{"embeddable":true,"href":"https:\/\/www.yungayino.cl\/noticias\/index.php?rest_route=\/wp\/v2\/users\/2"}],"replies":[{"embeddable":true,"href":"https:\/\/www.yungayino.cl\/noticias\/index.php?rest_route=%2Fwp%2Fv2%2Fcomments&post=32443"}],"version-history":[{"count":1,"href":"https:\/\/www.yungayino.cl\/noticias\/index.php?rest_route=\/wp\/v2\/posts\/32443\/revisions"}],"predecessor-version":[{"id":32445,"href":"https:\/\/www.yungayino.cl\/noticias\/index.php?rest_route=\/wp\/v2\/posts\/32443\/revisions\/32445"}],"wp:featuredmedia":[{"embeddable":true,"href":"https:\/\/www.yungayino.cl\/noticias\/index.php?rest_route=\/wp\/v2\/media\/32444"}],"wp:attachment":[{"href":"https:\/\/www.yungayino.cl\/noticias\/index.php?rest_route=%2Fwp%2Fv2%2Fmedia&parent=32443"}],"wp:term":[{"taxonomy":"category","embeddable":true,"href":"https:\/\/www.yungayino.cl\/noticias\/index.php?rest_route=%2Fwp%2Fv2%2Fcategories&post=32443"},{"taxonomy":"post_tag","embeddable":true,"href":"https:\/\/www.yungayino.cl\/noticias\/index.php?rest_route=%2Fwp%2Fv2%2Ftags&post=32443"}],"curies":[{"name":"wp","href":"https:\/\/api.w.org\/{rel}","templated":true}]}}