{"id":32476,"date":"2025-04-03T18:00:38","date_gmt":"2025-04-03T21:00:38","guid":{"rendered":"https:\/\/www.yungayino.cl\/noticias\/?p=32476"},"modified":"2025-04-03T19:18:11","modified_gmt":"2025-04-03T22:18:11","slug":"carabineros-de-la-cuarta-comisaria-de-yungay-realiza-actividades-de-concientizacion-sobre-el-trastorno-del-espectro-autista","status":"publish","type":"post","link":"https:\/\/www.yungayino.cl\/noticias\/?p=32476","title":{"rendered":"Carabineros de la Cuarta Comisar\u00eda de Yungay Realiza Actividades de Concientizaci\u00f3n sobre el Trastorno del Espectro Autista"},"content":{"rendered":"<p><img loading=\"lazy\" decoding=\"async\" class=\"alignnone wp-image-32477 size-full\" src=\"https:\/\/www.yungayino.cl\/noticias\/wp-content\/uploads\/2025\/04\/portada-1.jpg\" alt=\"\" width=\"700\" height=\"350\" srcset=\"https:\/\/www.yungayino.cl\/noticias\/wp-content\/uploads\/2025\/04\/portada-1.jpg 700w, https:\/\/www.yungayino.cl\/noticias\/wp-content\/uploads\/2025\/04\/portada-1-300x150.jpg 300w\" sizes=\"auto, (max-width: 700px) 100vw, 700px\" \/><\/p>\n<p style=\"text-align: justify;\">Yungay, abril 2025: El 2 de abril se conmemor\u00f3 el D\u00eda Mundial de Concienciaci\u00f3n sobre el Autismo, y la 4ta. Comisar\u00eda de Yungay ha desarrollado diversas iniciativas para abordar el Trastorno del Espectro Autista (TEA), con un enfoque inclusivo y especializado. Entre los esfuerzos destacan capacitaciones para el personal en manejo de crisis y comunicaci\u00f3n efectiva con personas autistas, promoviendo un trato respetuoso y adecuado a sus necesidades sensoriales y emocionales.<\/p>\n<p style=\"text-align: justify;\">Adem\u00e1s, han implementado programas como <strong>\u201cCarabineros TEAcompa\u00f1a\u201d<\/strong>, que busca sensibilizar a la comunidad y mejorar la respuesta policial en situaciones que involucren a personas con TEA. Tambi\u00e9n han incorporado identificaciones especiales para facilitar la interacci\u00f3n y evitar malentendidos en procedimientos policiales.<\/p>\n<p style=\"text-align: justify;\">El objetivo principal es garantizar la seguridad y el respeto de los derechos de las personas con TEA, minimizando posibles situaciones de estr\u00e9s o conflicto mediante protocolos adaptados y un enfoque emp\u00e1tico.<\/p>\n<p style=\"text-align: justify;\">Junto a las agrupaciones TEA acoge Yungay y Tea San Andr\u00e9s de Campanario, se realizaron dos actividades una deportiva y la otra de colocaci\u00f3n de adhesivos en los veh\u00edculos con un c\u00f3digo QR, donde est\u00e1n las instrucciones para el funcionario policial o cualquier otra persona para advertirle que en su interior hay un ni\u00f1o o ni\u00f1a TEA.<\/p>\n<p style=\"text-align: justify;\">Con esto buscan reducir los ambientes inadecuados que le puedan causar da\u00f1o emocional o retroceso en su condici\u00f3n.<\/p>\n<p style=\"text-align: justify;\">FUENTE: Carabineros Cuarta Comisar\u00eda de Yungay.<\/p>\n<p>&nbsp;<\/p>\n<p>&nbsp;<\/p>\n<p style=\"text-align: center;\"><strong>FOTOGRAF\u00cdAS:<\/strong><\/p>\n<p style=\"text-align: center;\"><iframe loading=\"lazy\" style=\"border: none; overflow: hidden;\" src=\"https:\/\/www.facebook.com\/plugins\/post.php?href=https%3A%2F%2Fwww.facebook.com%2Fyungayino.cl%2Fposts%2Fpfbid09Uz5HH1g1e1vZ5VhsWnESHhH8faWJWrKaKxXbWGXmxWVFT4H7TKpHNxDd6P8f7hSl&amp;show_text=true&amp;width=500\" width=\"500\" height=\"780\" frameborder=\"0\" scrolling=\"no\" allowfullscreen=\"allowfullscreen\"><\/iframe><\/p>\n","protected":false},"excerpt":{"rendered":"<p>Yungay, abril 2025: El 2 de abril se conmemor\u00f3 el D\u00eda Mundial de Concienciaci\u00f3n sobre el Autismo, y la 4ta. Comisar\u00eda de Yungay ha desarrollado diversas iniciativas para abordar el Trastorno del Espectro Autista&#46;&#46;&#46;<\/p>\n","protected":false},"author":2,"featured_media":32477,"comment_status":"closed","ping_status":"closed","sticky":false,"template":"","format":"standard","meta":{"footnotes":""},"categories":[1],"tags":[25,1115,2857,8,6,117],"class_list":["post-32476","post","type-post","status-publish","format-standard","has-post-thumbnail","hentry","category-noticias","tag-carabineros","tag-noticias","tag-tea","tag-yungay","tag-yungayino","tag-yungayinocl"],"_links":{"self":[{"href":"https:\/\/www.yungayino.cl\/noticias\/index.php?rest_route=\/wp\/v2\/posts\/32476","targetHints":{"allow":["GET"]}}],"collection":[{"href":"https:\/\/www.yungayino.cl\/noticias\/index.php?rest_route=\/wp\/v2\/posts"}],"about":[{"href":"https:\/\/www.yungayino.cl\/noticias\/index.php?rest_route=\/wp\/v2\/types\/post"}],"author":[{"embeddable":true,"href":"https:\/\/www.yungayino.cl\/noticias\/index.php?rest_route=\/wp\/v2\/users\/2"}],"replies":[{"embeddable":true,"href":"https:\/\/www.yungayino.cl\/noticias\/index.php?rest_route=%2Fwp%2Fv2%2Fcomments&post=32476"}],"version-history":[{"count":4,"href":"https:\/\/www.yungayino.cl\/noticias\/index.php?rest_route=\/wp\/v2\/posts\/32476\/revisions"}],"predecessor-version":[{"id":32481,"href":"https:\/\/www.yungayino.cl\/noticias\/index.php?rest_route=\/wp\/v2\/posts\/32476\/revisions\/32481"}],"wp:featuredmedia":[{"embeddable":true,"href":"https:\/\/www.yungayino.cl\/noticias\/index.php?rest_route=\/wp\/v2\/media\/32477"}],"wp:attachment":[{"href":"https:\/\/www.yungayino.cl\/noticias\/index.php?rest_route=%2Fwp%2Fv2%2Fmedia&parent=32476"}],"wp:term":[{"taxonomy":"category","embeddable":true,"href":"https:\/\/www.yungayino.cl\/noticias\/index.php?rest_route=%2Fwp%2Fv2%2Fcategories&post=32476"},{"taxonomy":"post_tag","embeddable":true,"href":"https:\/\/www.yungayino.cl\/noticias\/index.php?rest_route=%2Fwp%2Fv2%2Ftags&post=32476"}],"curies":[{"name":"wp","href":"https:\/\/api.w.org\/{rel}","templated":true}]}}