{"id":32483,"date":"2025-04-05T07:00:47","date_gmt":"2025-04-05T10:00:47","guid":{"rendered":"https:\/\/www.yungayino.cl\/noticias\/?p=32483"},"modified":"2025-04-04T21:29:10","modified_gmt":"2025-04-05T00:29:10","slug":"ceremonia-de-certificacion-del-curso-de-cocina-nacional-e-internacional","status":"publish","type":"post","link":"https:\/\/www.yungayino.cl\/noticias\/?p=32483","title":{"rendered":"Ceremonia de Certificaci\u00f3n del curso de Cocina Nacional e Internacional"},"content":{"rendered":"<p><img loading=\"lazy\" decoding=\"async\" class=\"alignnone wp-image-32484 size-full\" src=\"https:\/\/www.yungayino.cl\/noticias\/wp-content\/uploads\/2025\/04\/1.jpg\" alt=\"\" width=\"700\" height=\"378\" srcset=\"https:\/\/www.yungayino.cl\/noticias\/wp-content\/uploads\/2025\/04\/1.jpg 700w, https:\/\/www.yungayino.cl\/noticias\/wp-content\/uploads\/2025\/04\/1-300x162.jpg 300w\" sizes=\"auto, (max-width: 700px) 100vw, 700px\" \/><\/p>\n<p style=\"text-align: justify;\">Yungay, abril 2025: El auditorio de la Biblioteca Municipal fue el escenario de la ceremonia de certificaci\u00f3n del curso de Cocina Nacional e Internacional, instancia en la que nueve yungayinas y un yungayino finalizaron exitosamente su formaci\u00f3n, impartida en el marco del programa de Becas Laborales del Servicio Nacional de Capacitaci\u00f3n y Empleo (SENCE). Esta iniciativa fue posible gracias a un convenio entre SENCE y la Oficina Municipal de Intermediaci\u00f3n Laboral (OMIL).<\/p>\n<p style=\"text-align: justify;\">Durante el curso, las y los participantes adquirieron nuevas t\u00e9cnicas culinarias que les permitir\u00e1n innovar y emprender en el rubro gastron\u00f3mico, contribuyendo as\u00ed al fortalecimiento de la econom\u00eda y el comercio local.<\/p>\n<p style=\"text-align: justify;\">En la ceremonia estuvieron presentes el alcalde Rafael Cifuentes Rodr\u00edguez; el seremi del Trabajo y Previsi\u00f3n Social, Eduardo Riquelme Lagos; la directora regional de SENCE, Leandra Mac\u00edas Leiva; y la directora de la Direcci\u00f3n de Desarrollo Econ\u00f3mico Local y Sustentabilidad, Claudia Harcha Cort\u00e9s.<\/p>\n<p style=\"text-align: justify;\">El programa de Becas Laborales de SENCE tiene como objetivo capacitar a personas en situaci\u00f3n de vulnerabilidad y\/o cesant\u00eda, entreg\u00e1ndoles herramientas que les permitan acceder a empleos de calidad y fomentar la reactivaci\u00f3n del mercado laboral.<\/p>\n","protected":false},"excerpt":{"rendered":"<p>Yungay, abril 2025: El auditorio de la Biblioteca Municipal fue el escenario de la ceremonia de certificaci\u00f3n del curso de Cocina Nacional e Internacional, instancia en la que nueve yungayinas y un yungayino finalizaron&#46;&#46;&#46;<\/p>\n","protected":false},"author":2,"featured_media":32484,"comment_status":"closed","ping_status":"closed","sticky":false,"template":"","format":"standard","meta":{"footnotes":""},"categories":[1],"tags":[3321,1115,1602,8,6,117],"class_list":["post-32483","post","type-post","status-publish","format-standard","has-post-thumbnail","hentry","category-noticias","tag-curso-de-cocina","tag-noticias","tag-sence","tag-yungay","tag-yungayino","tag-yungayinocl"],"_links":{"self":[{"href":"https:\/\/www.yungayino.cl\/noticias\/index.php?rest_route=\/wp\/v2\/posts\/32483","targetHints":{"allow":["GET"]}}],"collection":[{"href":"https:\/\/www.yungayino.cl\/noticias\/index.php?rest_route=\/wp\/v2\/posts"}],"about":[{"href":"https:\/\/www.yungayino.cl\/noticias\/index.php?rest_route=\/wp\/v2\/types\/post"}],"author":[{"embeddable":true,"href":"https:\/\/www.yungayino.cl\/noticias\/index.php?rest_route=\/wp\/v2\/users\/2"}],"replies":[{"embeddable":true,"href":"https:\/\/www.yungayino.cl\/noticias\/index.php?rest_route=%2Fwp%2Fv2%2Fcomments&post=32483"}],"version-history":[{"count":1,"href":"https:\/\/www.yungayino.cl\/noticias\/index.php?rest_route=\/wp\/v2\/posts\/32483\/revisions"}],"predecessor-version":[{"id":32485,"href":"https:\/\/www.yungayino.cl\/noticias\/index.php?rest_route=\/wp\/v2\/posts\/32483\/revisions\/32485"}],"wp:featuredmedia":[{"embeddable":true,"href":"https:\/\/www.yungayino.cl\/noticias\/index.php?rest_route=\/wp\/v2\/media\/32484"}],"wp:attachment":[{"href":"https:\/\/www.yungayino.cl\/noticias\/index.php?rest_route=%2Fwp%2Fv2%2Fmedia&parent=32483"}],"wp:term":[{"taxonomy":"category","embeddable":true,"href":"https:\/\/www.yungayino.cl\/noticias\/index.php?rest_route=%2Fwp%2Fv2%2Fcategories&post=32483"},{"taxonomy":"post_tag","embeddable":true,"href":"https:\/\/www.yungayino.cl\/noticias\/index.php?rest_route=%2Fwp%2Fv2%2Ftags&post=32483"}],"curies":[{"name":"wp","href":"https:\/\/api.w.org\/{rel}","templated":true}]}}