{"id":32486,"date":"2025-04-06T07:00:29","date_gmt":"2025-04-06T10:00:29","guid":{"rendered":"https:\/\/www.yungayino.cl\/noticias\/?p=32486"},"modified":"2025-04-04T21:31:44","modified_gmt":"2025-04-05T00:31:44","slug":"alcalde-recibe-visita-protocolar-de-la-directora-regional-de-sence-nuble","status":"publish","type":"post","link":"https:\/\/www.yungayino.cl\/noticias\/?p=32486","title":{"rendered":"Alcalde Recibe Visita Protocolar de la Directora Regional de SENCE \u00d1uble"},"content":{"rendered":"<p><img loading=\"lazy\" decoding=\"async\" class=\"alignnone wp-image-32487 size-full\" src=\"https:\/\/www.yungayino.cl\/noticias\/wp-content\/uploads\/2025\/04\/directora-regional-sence.jpg\" alt=\"\" width=\"700\" height=\"350\" srcset=\"https:\/\/www.yungayino.cl\/noticias\/wp-content\/uploads\/2025\/04\/directora-regional-sence.jpg 700w, https:\/\/www.yungayino.cl\/noticias\/wp-content\/uploads\/2025\/04\/directora-regional-sence-300x150.jpg 300w\" sizes=\"auto, (max-width: 700px) 100vw, 700px\" \/><\/p>\n<p style=\"text-align: justify;\">Yungay, abril 2025: El alcalde de Yungay, Rafael Cifuentes Rodr\u00edguez, recibi\u00f3 la visita protocolar de la directora regional del Servicio Nacional de Capacitaci\u00f3n y Empleo (SENCE), Leandra Mac\u00edas Leiva, con el objetivo de fortalecer el trabajo colaborativo entre ambas instituciones en materia de empleabilidad y formaci\u00f3n laboral.<\/p>\n<p style=\"text-align: justify;\">Durante la reuni\u00f3n, las autoridades abordaron la importancia de promover una oferta amplia y pertinente de capacitaciones que respondan a las necesidades locales, contribuyendo as\u00ed a mejorar las oportunidades laborales de vecinas y vecinos, y a reducir la brecha de g\u00e9nero en el acceso al empleo.<\/p>\n<p style=\"text-align: justify;\">El alcalde Cifuentes valor\u00f3 la disposici\u00f3n del servicio para trabajar en conjunto con el municipio, destacando que \u201cla capacitaci\u00f3n es una herramienta fundamental para el desarrollo personal y colectivo, y seguiremos impulsando todas las alianzas que permitan avanzar hacia una comuna con m\u00e1s y mejores oportunidades\u201d.<\/p>\n","protected":false},"excerpt":{"rendered":"<p>Yungay, abril 2025: El alcalde de Yungay, Rafael Cifuentes Rodr\u00edguez, recibi\u00f3 la visita protocolar de la directora regional del Servicio Nacional de Capacitaci\u00f3n y Empleo (SENCE), Leandra Mac\u00edas Leiva, con el objetivo de fortalecer&#46;&#46;&#46;<\/p>\n","protected":false},"author":2,"featured_media":32487,"comment_status":"closed","ping_status":"closed","sticky":false,"template":"","format":"standard","meta":{"footnotes":""},"categories":[1],"tags":[1115,1678,1602,8,6,117],"class_list":["post-32486","post","type-post","status-publish","format-standard","has-post-thumbnail","hentry","category-noticias","tag-noticias","tag-nuble","tag-sence","tag-yungay","tag-yungayino","tag-yungayinocl"],"_links":{"self":[{"href":"https:\/\/www.yungayino.cl\/noticias\/index.php?rest_route=\/wp\/v2\/posts\/32486","targetHints":{"allow":["GET"]}}],"collection":[{"href":"https:\/\/www.yungayino.cl\/noticias\/index.php?rest_route=\/wp\/v2\/posts"}],"about":[{"href":"https:\/\/www.yungayino.cl\/noticias\/index.php?rest_route=\/wp\/v2\/types\/post"}],"author":[{"embeddable":true,"href":"https:\/\/www.yungayino.cl\/noticias\/index.php?rest_route=\/wp\/v2\/users\/2"}],"replies":[{"embeddable":true,"href":"https:\/\/www.yungayino.cl\/noticias\/index.php?rest_route=%2Fwp%2Fv2%2Fcomments&post=32486"}],"version-history":[{"count":1,"href":"https:\/\/www.yungayino.cl\/noticias\/index.php?rest_route=\/wp\/v2\/posts\/32486\/revisions"}],"predecessor-version":[{"id":32488,"href":"https:\/\/www.yungayino.cl\/noticias\/index.php?rest_route=\/wp\/v2\/posts\/32486\/revisions\/32488"}],"wp:featuredmedia":[{"embeddable":true,"href":"https:\/\/www.yungayino.cl\/noticias\/index.php?rest_route=\/wp\/v2\/media\/32487"}],"wp:attachment":[{"href":"https:\/\/www.yungayino.cl\/noticias\/index.php?rest_route=%2Fwp%2Fv2%2Fmedia&parent=32486"}],"wp:term":[{"taxonomy":"category","embeddable":true,"href":"https:\/\/www.yungayino.cl\/noticias\/index.php?rest_route=%2Fwp%2Fv2%2Fcategories&post=32486"},{"taxonomy":"post_tag","embeddable":true,"href":"https:\/\/www.yungayino.cl\/noticias\/index.php?rest_route=%2Fwp%2Fv2%2Ftags&post=32486"}],"curies":[{"name":"wp","href":"https:\/\/api.w.org\/{rel}","templated":true}]}}