{"id":32498,"date":"2025-04-04T21:40:00","date_gmt":"2025-04-05T00:40:00","guid":{"rendered":"https:\/\/www.yungayino.cl\/noticias\/?p=32498"},"modified":"2025-04-04T21:40:00","modified_gmt":"2025-04-05T00:40:00","slug":"mujeres-yungayinas-participaron-del-cierre-del-mes-de-la-mujer-en-chillan","status":"publish","type":"post","link":"https:\/\/www.yungayino.cl\/noticias\/?p=32498","title":{"rendered":"Mujeres Yungayinas Participaron del Cierre del Mes de la Mujer en Chill\u00e1n"},"content":{"rendered":"<p><img loading=\"lazy\" decoding=\"async\" class=\"alignnone wp-image-32500 size-full\" src=\"https:\/\/www.yungayino.cl\/noticias\/wp-content\/uploads\/2025\/04\/foto-1.jpg\" alt=\"\" width=\"700\" height=\"467\" srcset=\"https:\/\/www.yungayino.cl\/noticias\/wp-content\/uploads\/2025\/04\/foto-1.jpg 700w, https:\/\/www.yungayino.cl\/noticias\/wp-content\/uploads\/2025\/04\/foto-1-300x200.jpg 300w\" sizes=\"auto, (max-width: 700px) 100vw, 700px\" \/><\/p>\n<p style=\"text-align: justify;\">Chill\u00e1n, abril 2025: La actividad organizada por Minvu \u00d1uble cont\u00f3 con la presencia de distintas autoridades regionales, quienes destacaron la labor de las vecinas del barrio Parque Estadio.<\/p>\n<p style=\"text-align: justify;\">En la Seremi de Vivienda y Urbanismo de \u00d1uble, en Chill\u00e1n, se realiz\u00f3 una jornada de reconocimiento y celebraci\u00f3n, la cual tuvo como protagonista a las mujeres de distintas comunas del territorio quienes fueron destacadas por autoridades regionales.<\/p>\n<p style=\"text-align: justify;\">Las invitadas de los distintos programas Quiero Mi Barrio dentro del territorio pudieron disfrutar de un espacio en el que se enalteci\u00f3 la labor de las dirigentas locales. Tal como lo se\u00f1al\u00f3 el Seremi de Vivienda y Urbanismo, Antonio Marchant, quien indic\u00f3 que \u201cSi hemos entregado m\u00e1s de siete mil viviendas en \u00d1uble es gracias a las mujeres, son ellas las que representan a sus comunidades, las que asumen el rol de dirigente, las que van a distintos organismos gubernamentales para destrabar su soluci\u00f3n habitacional. Aparte de esa labor no dejan de velar por el bienestar de sus familias, se preocupan por la educaci\u00f3n de sus hijos, conectar a la comunidad, por mejorar las plazas, sedes y entornos, as\u00ed que muy feliz de reconocer el aporte invaluable de las mujeres de nuestra regi\u00f3n\u201d.<\/p>\n<p style=\"text-align: justify;\">A lo largo del evento, se vivieron momentos de emoci\u00f3n y reflexi\u00f3n, recordando la importancia de avanzar hacia una sociedad m\u00e1s equitativa.<\/p>\n<p style=\"text-align: justify;\">Una de las vecinas yungayinas que particip\u00f3 del evento, Judith Yamile Arroyo Alarc\u00f3n expres\u00f3 que \u201cLo pasamos super lindo super bien, estuvo todo muy agradable, nos divertimos mucho sacandonos fotos y comimos tortita y habl\u00f3 muy lindo la se\u00f1orita de la Seremi (Mujer y Equidad de g\u00e9nero)\u201d.<\/p>\n<p style=\"text-align: justify;\">De la misma forma, la vecina de Parque Estadio, Amparito Lepe D\u00edaz, se\u00f1al\u00f3: \u201cquiero agradecer la invitaci\u00f3n que se nos hizo para terminar la celebraci\u00f3n del mes de la mujer, fue un momento agradable donde pudimos compartir con otras personas, tambi\u00e9n fueron distinguidas personas que se han esforzado durante su trayectoria y nos pudimos sacar fotos. Fue un momento de esparcimiento, y lo m\u00e1s importante es que fueron resaltadas las mujeres, nosotras las que siempre estamos, las que siempre luchamos, as\u00ed que muy agradecida\u201d.<\/p>\n<p style=\"text-align: justify;\">En total, fueron 7 equipos Quiero Mi Barrio, los que participaron de la actividad que dio por terminado el mes de la mujer.<\/p>\n<p>&nbsp;<\/p>\n<p><img loading=\"lazy\" decoding=\"async\" class=\"alignnone wp-image-32501 size-full\" src=\"https:\/\/www.yungayino.cl\/noticias\/wp-content\/uploads\/2025\/04\/foto-2.jpg\" alt=\"\" width=\"700\" height=\"467\" srcset=\"https:\/\/www.yungayino.cl\/noticias\/wp-content\/uploads\/2025\/04\/foto-2.jpg 700w, https:\/\/www.yungayino.cl\/noticias\/wp-content\/uploads\/2025\/04\/foto-2-300x200.jpg 300w\" sizes=\"auto, (max-width: 700px) 100vw, 700px\" \/><\/p>\n","protected":false},"excerpt":{"rendered":"<p>Chill\u00e1n, abril 2025: La actividad organizada por Minvu \u00d1uble cont\u00f3 con la presencia de distintas autoridades regionales, quienes destacaron la labor de las vecinas del barrio Parque Estadio. En la Seremi de Vivienda y&#46;&#46;&#46;<\/p>\n","protected":false},"author":2,"featured_media":32499,"comment_status":"closed","ping_status":"closed","sticky":false,"template":"","format":"standard","meta":{"footnotes":""},"categories":[1],"tags":[728,3323,1115,1678,2694,8,6,117],"class_list":["post-32498","post","type-post","status-publish","format-standard","has-post-thumbnail","hentry","category-noticias","tag-chillan","tag-mes-de-la-mujer","tag-noticias","tag-nuble","tag-quiero-mi-barrio","tag-yungay","tag-yungayino","tag-yungayinocl"],"_links":{"self":[{"href":"https:\/\/www.yungayino.cl\/noticias\/index.php?rest_route=\/wp\/v2\/posts\/32498","targetHints":{"allow":["GET"]}}],"collection":[{"href":"https:\/\/www.yungayino.cl\/noticias\/index.php?rest_route=\/wp\/v2\/posts"}],"about":[{"href":"https:\/\/www.yungayino.cl\/noticias\/index.php?rest_route=\/wp\/v2\/types\/post"}],"author":[{"embeddable":true,"href":"https:\/\/www.yungayino.cl\/noticias\/index.php?rest_route=\/wp\/v2\/users\/2"}],"replies":[{"embeddable":true,"href":"https:\/\/www.yungayino.cl\/noticias\/index.php?rest_route=%2Fwp%2Fv2%2Fcomments&post=32498"}],"version-history":[{"count":1,"href":"https:\/\/www.yungayino.cl\/noticias\/index.php?rest_route=\/wp\/v2\/posts\/32498\/revisions"}],"predecessor-version":[{"id":32502,"href":"https:\/\/www.yungayino.cl\/noticias\/index.php?rest_route=\/wp\/v2\/posts\/32498\/revisions\/32502"}],"wp:featuredmedia":[{"embeddable":true,"href":"https:\/\/www.yungayino.cl\/noticias\/index.php?rest_route=\/wp\/v2\/media\/32499"}],"wp:attachment":[{"href":"https:\/\/www.yungayino.cl\/noticias\/index.php?rest_route=%2Fwp%2Fv2%2Fmedia&parent=32498"}],"wp:term":[{"taxonomy":"category","embeddable":true,"href":"https:\/\/www.yungayino.cl\/noticias\/index.php?rest_route=%2Fwp%2Fv2%2Fcategories&post=32498"},{"taxonomy":"post_tag","embeddable":true,"href":"https:\/\/www.yungayino.cl\/noticias\/index.php?rest_route=%2Fwp%2Fv2%2Ftags&post=32498"}],"curies":[{"name":"wp","href":"https:\/\/api.w.org\/{rel}","templated":true}]}}