{"id":32551,"date":"2025-04-28T07:00:35","date_gmt":"2025-04-28T10:00:35","guid":{"rendered":"https:\/\/www.yungayino.cl\/noticias\/?p=32551"},"modified":"2025-04-15T19:56:07","modified_gmt":"2025-04-15T22:56:07","slug":"33-nuevos-medicos-y-odontologos-se-integran-a-la-red-de-atencion-primaria-de-salud","status":"publish","type":"post","link":"https:\/\/www.yungayino.cl\/noticias\/?p=32551","title":{"rendered":"33 Nuevos M\u00e9dicos y Odont\u00f3logos se Integran a la Red de Atenci\u00f3n Primaria de Salud"},"content":{"rendered":"<p><img loading=\"lazy\" decoding=\"async\" class=\"alignnone wp-image-32552 size-full\" src=\"https:\/\/www.yungayino.cl\/noticias\/wp-content\/uploads\/2025\/04\/Medicos-y-Odontologos-EDF.jpg\" alt=\"\" width=\"700\" height=\"350\" srcset=\"https:\/\/www.yungayino.cl\/noticias\/wp-content\/uploads\/2025\/04\/Medicos-y-Odontologos-EDF.jpg 700w, https:\/\/www.yungayino.cl\/noticias\/wp-content\/uploads\/2025\/04\/Medicos-y-Odontologos-EDF-300x150.jpg 300w\" sizes=\"auto, (max-width: 700px) 100vw, 700px\" \/><\/p>\n<p style=\"text-align: justify;\">\u00d1uble, abril 2025: Las y los profesionales en Etapa de Destinaci\u00f3n y Formaci\u00f3n se suman a los equipos cl\u00ednicos de 17 establecimientos asistenciales de la Regi\u00f3n, distribuidos en 14 comunas de las provincias de Diguill\u00edn, Itata y Punilla.<\/p>\n<p style=\"text-align: justify;\">La Red de Atenci\u00f3n Primaria de Salud (APS) se fortalece con la incorporaci\u00f3n de 33 m\u00e9dicos y odont\u00f3logos que llegaron a la regi\u00f3n para iniciar su Etapa de Destinaci\u00f3n y Formaci\u00f3n (EDF) en 2025. Se trata de 26 m\u00e9dicos y 7 cirujanos dentistas que se integrar\u00e1n a los equipos de 17 hospitales comunitarios de la red y centros de salud familiar (Cesfam) en las comunas de Coelemu, Cobquecura, El Carmen, Bulnes, Chill\u00e1n, San Carlos, Quill\u00f3n, Coihueco, Trehuaco, Quirihue, San Fabi\u00e1n, <strong>Yungay<\/strong>, Pinto y \u00d1iqu\u00e9n.<\/p>\n<p style=\"text-align: justify;\">El Gobernador Regional, \u00d3scar Cris\u00f3stomo Llanos, particip\u00f3 en el acto de bienvenida y destac\u00f3 el importante rol de estos nuevos profesionales: \u201cEstos m\u00e9dicos y odont\u00f3logos tienen una funci\u00f3n trascendental en esta etapa, ya que contribuyen al fortalecimiento de los equipos de salud. Les hemos pedido que apliquen de la mejor manera lo aprendido durante su formaci\u00f3n, siempre con un trato humano y cercano, que es el sello que buscamos imprimir en los profesionales que trabajan en nuestra regi\u00f3n. No tengo dudas de que lo har\u00e1n con mucha energ\u00eda y compromiso, siendo un gran aporte a la salud p\u00fablica de \u00d1uble\u201d.<\/p>\n<p style=\"text-align: justify;\">Por su parte, la Directora del Servicio de Salud \u00d1uble (SS\u00d1), Elizabeth Abarca Trivi\u00f1o, valor\u00f3 el aporte de este programa: \u201cPara el Sistema P\u00fablico de Salud, este proceso ha sido fundamental para fortalecer la atenci\u00f3n en la regi\u00f3n. Hoy damos la bienvenida a 33 profesionales que vienen con harto entusiasmo y ganas de contribuir en los diversos territorios de la regi\u00f3n, ya sea en Hospitales Comunitarios o en Cesfam. Adem\u00e1s, inician un proceso de formaci\u00f3n en gesti\u00f3n y liderazgo, lo que a largo plazo contribuir\u00e1 a mejorar la calidad de los servicios\u201d.<\/p>\n<p style=\"text-align: justify;\">En esa misma l\u00ednea, el Seremi de Salud (s), Gustavo Rojas Medina, indic\u00f3: \u201cComenzar esta etapa representa no s\u00f3lo una responsabilidad, sino tambi\u00e9n una oportunidad invaluable para crecer, aprender y servir a la comunidad de manera directa y significativa. Este proceso implica compromiso, vocaci\u00f3n y un profundo respeto por la realidad de nuestros usuarios y usuarias con el fin de resguardar la salud p\u00fablica y ser un aporte para nuestra regi\u00f3n\u201d.<\/p>\n<h4 style=\"text-align: justify;\"><span style=\"font-size: 12pt;\"><strong>Expectativas y experiencias de las y los profesionales<\/strong><\/span><\/h4>\n<p style=\"text-align: justify;\">Elizabeth Ortega, Odont\u00f3loga, iniciar\u00e1 su per\u00edodo de Destinaci\u00f3n en el Hospital Comunitario de Salud Familiar de Bulnes. \u201cMe hab\u00edan comentado que el Servicio de Salud de \u00d1uble es uno de los mejores para realizar la EDF, por lo que tengo grandes expectativas de poder contribuir a la comunidad y al sistema p\u00fablico. No solo hablo por m\u00ed, sino tambi\u00e9n por mis colegas que ingresan, ya que todos compartimos la pasi\u00f3n por la salud p\u00fablica y vemos esta etapa como una muy buena oportunidad para crecer profesionalmente y servir a la ciudan\u00eda\u201d, expres\u00f3.<\/p>\n<p style=\"text-align: justify;\">Por su parte, Marcelo Rojas, M\u00e9dico Cirujano, se unir\u00e1 al equipo del Hospital Comunitario de Salud Familiar de Quirihue. \u201cEleg\u00ed esta regi\u00f3n porque soy de Coihueco y quer\u00eda volver para estar cerca de mi familia y retribuir lo mucho me ha dado mi regi\u00f3n. Me gust\u00f3 Quirihue, porque es un establecimiento que est\u00e1 a cargo de un gran porcentaje de pacientes de la zona, as\u00ed que es un desaf\u00edo muy bonito, donde pretendo dar todo de m\u00ed, todos mis conocimientos que pude adquirir en estos siete a\u00f1os de la carrera, aprovecharlo y ayudar a la comunidad\u201d, afirm\u00f3.<\/p>\n<p style=\"text-align: justify;\">Durante al menos tres a\u00f1os, estos profesionales realizar\u00e1n labores de control de pacientes con enfermedades cr\u00f3nicas, atenci\u00f3n en extensi\u00f3n horaria, visitas domiciliarias y otras acciones comunitarias. Posteriormente, podr\u00e1n postular a becas de formaci\u00f3n en especialidades m\u00e9dicas, lo que les permitir\u00e1 continuar desarroll\u00e1ndose en el \u00e1mbito profesional.<\/p>\n","protected":false},"excerpt":{"rendered":"<p>\u00d1uble, abril 2025: Las y los profesionales en Etapa de Destinaci\u00f3n y Formaci\u00f3n se suman a los equipos cl\u00ednicos de 17 establecimientos asistenciales de la Regi\u00f3n, distribuidos en 14 comunas de las provincias de&#46;&#46;&#46;<\/p>\n","protected":false},"author":2,"featured_media":32552,"comment_status":"closed","ping_status":"closed","sticky":false,"template":"","format":"standard","meta":{"footnotes":""},"categories":[1,1675,1676],"tags":[2815,1115,1678,2816,65,8,6,117],"class_list":["post-32551","post","type-post","status-publish","format-standard","has-post-thumbnail","hentry","category-noticias","category-saludc","category-salud","tag-medicos","tag-noticias","tag-nuble","tag-odontologos","tag-salud","tag-yungay","tag-yungayino","tag-yungayinocl"],"_links":{"self":[{"href":"https:\/\/www.yungayino.cl\/noticias\/index.php?rest_route=\/wp\/v2\/posts\/32551","targetHints":{"allow":["GET"]}}],"collection":[{"href":"https:\/\/www.yungayino.cl\/noticias\/index.php?rest_route=\/wp\/v2\/posts"}],"about":[{"href":"https:\/\/www.yungayino.cl\/noticias\/index.php?rest_route=\/wp\/v2\/types\/post"}],"author":[{"embeddable":true,"href":"https:\/\/www.yungayino.cl\/noticias\/index.php?rest_route=\/wp\/v2\/users\/2"}],"replies":[{"embeddable":true,"href":"https:\/\/www.yungayino.cl\/noticias\/index.php?rest_route=%2Fwp%2Fv2%2Fcomments&post=32551"}],"version-history":[{"count":3,"href":"https:\/\/www.yungayino.cl\/noticias\/index.php?rest_route=\/wp\/v2\/posts\/32551\/revisions"}],"predecessor-version":[{"id":32555,"href":"https:\/\/www.yungayino.cl\/noticias\/index.php?rest_route=\/wp\/v2\/posts\/32551\/revisions\/32555"}],"wp:featuredmedia":[{"embeddable":true,"href":"https:\/\/www.yungayino.cl\/noticias\/index.php?rest_route=\/wp\/v2\/media\/32552"}],"wp:attachment":[{"href":"https:\/\/www.yungayino.cl\/noticias\/index.php?rest_route=%2Fwp%2Fv2%2Fmedia&parent=32551"}],"wp:term":[{"taxonomy":"category","embeddable":true,"href":"https:\/\/www.yungayino.cl\/noticias\/index.php?rest_route=%2Fwp%2Fv2%2Fcategories&post=32551"},{"taxonomy":"post_tag","embeddable":true,"href":"https:\/\/www.yungayino.cl\/noticias\/index.php?rest_route=%2Fwp%2Fv2%2Ftags&post=32551"}],"curies":[{"name":"wp","href":"https:\/\/api.w.org\/{rel}","templated":true}]}}