{"id":32556,"date":"2025-04-22T20:00:24","date_gmt":"2025-04-22T23:00:24","guid":{"rendered":"https:\/\/www.yungayino.cl\/noticias\/?p=32556"},"modified":"2025-04-22T21:11:19","modified_gmt":"2025-04-23T00:11:19","slug":"celebremos-el-dia-internacional-del-libro-en-yungay","status":"publish","type":"post","link":"https:\/\/www.yungayino.cl\/noticias\/?p=32556","title":{"rendered":"Celebremos el D\u00eda Internacional del Libro en Yungay"},"content":{"rendered":"<p><img loading=\"lazy\" decoding=\"async\" class=\"alignnone wp-image-32558 size-full\" src=\"https:\/\/www.yungayino.cl\/noticias\/wp-content\/uploads\/2025\/04\/conversatorio-libro-1.jpg\" alt=\"\" width=\"700\" height=\"699\" srcset=\"https:\/\/www.yungayino.cl\/noticias\/wp-content\/uploads\/2025\/04\/conversatorio-libro-1.jpg 700w, https:\/\/www.yungayino.cl\/noticias\/wp-content\/uploads\/2025\/04\/conversatorio-libro-1-300x300.jpg 300w, https:\/\/www.yungayino.cl\/noticias\/wp-content\/uploads\/2025\/04\/conversatorio-libro-1-150x150.jpg 150w, https:\/\/www.yungayino.cl\/noticias\/wp-content\/uploads\/2025\/04\/conversatorio-libro-1-80x80.jpg 80w, https:\/\/www.yungayino.cl\/noticias\/wp-content\/uploads\/2025\/04\/conversatorio-libro-1-320x320.jpg 320w\" sizes=\"auto, (max-width: 700px) 100vw, 700px\" \/><\/p>\n<p style=\"text-align: justify;\">Yungay, abril 2025: Este mi\u00e9rcoles 23 de abril, la Biblioteca P\u00fablica de Yungay te invita a un imperdible Conversatorio Literario.<\/p>\n<p style=\"text-align: justify;\">Se contar\u00e1 con la presencia de dos grandes invitados: Jorge Baradit y Claudio Mart\u00ednez Cerda, destacados autores cuyas obras forman parte de la colecci\u00f3n y son muy queridas por las lectoras y lectores.<\/p>\n<p style=\"text-align: justify;\">La entrada es liberada y ambiente ideal para compartir en torno a los libros, las ideas y la palabra escrita.<\/p>\n<p>&nbsp;<\/p>\n<p><img loading=\"lazy\" decoding=\"async\" class=\"alignnone wp-image-32560 size-full\" src=\"https:\/\/www.yungayino.cl\/noticias\/wp-content\/uploads\/2025\/04\/conversatorio-libro-3.jpg\" alt=\"\" width=\"700\" height=\"700\" srcset=\"https:\/\/www.yungayino.cl\/noticias\/wp-content\/uploads\/2025\/04\/conversatorio-libro-3.jpg 700w, https:\/\/www.yungayino.cl\/noticias\/wp-content\/uploads\/2025\/04\/conversatorio-libro-3-300x300.jpg 300w, https:\/\/www.yungayino.cl\/noticias\/wp-content\/uploads\/2025\/04\/conversatorio-libro-3-150x150.jpg 150w, https:\/\/www.yungayino.cl\/noticias\/wp-content\/uploads\/2025\/04\/conversatorio-libro-3-80x80.jpg 80w, https:\/\/www.yungayino.cl\/noticias\/wp-content\/uploads\/2025\/04\/conversatorio-libro-3-320x320.jpg 320w\" sizes=\"auto, (max-width: 700px) 100vw, 700px\" \/><\/p>\n<p>&nbsp;<\/p>\n<p><img loading=\"lazy\" decoding=\"async\" class=\"alignnone wp-image-32559 size-full\" src=\"https:\/\/www.yungayino.cl\/noticias\/wp-content\/uploads\/2025\/04\/conversatorio-libro-2.jpg\" alt=\"\" width=\"700\" height=\"700\" srcset=\"https:\/\/www.yungayino.cl\/noticias\/wp-content\/uploads\/2025\/04\/conversatorio-libro-2.jpg 700w, https:\/\/www.yungayino.cl\/noticias\/wp-content\/uploads\/2025\/04\/conversatorio-libro-2-300x300.jpg 300w, https:\/\/www.yungayino.cl\/noticias\/wp-content\/uploads\/2025\/04\/conversatorio-libro-2-150x150.jpg 150w, https:\/\/www.yungayino.cl\/noticias\/wp-content\/uploads\/2025\/04\/conversatorio-libro-2-80x80.jpg 80w, https:\/\/www.yungayino.cl\/noticias\/wp-content\/uploads\/2025\/04\/conversatorio-libro-2-320x320.jpg 320w\" sizes=\"auto, (max-width: 700px) 100vw, 700px\" \/><\/p>\n","protected":false},"excerpt":{"rendered":"<p>Yungay, abril 2025: Este mi\u00e9rcoles 23 de abril, la Biblioteca P\u00fablica de Yungay te invita a un imperdible Conversatorio Literario. Se contar\u00e1 con la presencia de dos grandes invitados: Jorge Baradit y Claudio Mart\u00ednez&#46;&#46;&#46;<\/p>\n","protected":false},"author":2,"featured_media":32557,"comment_status":"closed","ping_status":"closed","sticky":false,"template":"","format":"standard","meta":{"footnotes":""},"categories":[5,1],"tags":[583,484,1115,8,6,117],"class_list":["post-32556","post","type-post","status-publish","format-standard","has-post-thumbnail","hentry","category-eventos","category-noticias","tag-biblioteca","tag-dia-del-libro","tag-noticias","tag-yungay","tag-yungayino","tag-yungayinocl"],"_links":{"self":[{"href":"https:\/\/www.yungayino.cl\/noticias\/index.php?rest_route=\/wp\/v2\/posts\/32556","targetHints":{"allow":["GET"]}}],"collection":[{"href":"https:\/\/www.yungayino.cl\/noticias\/index.php?rest_route=\/wp\/v2\/posts"}],"about":[{"href":"https:\/\/www.yungayino.cl\/noticias\/index.php?rest_route=\/wp\/v2\/types\/post"}],"author":[{"embeddable":true,"href":"https:\/\/www.yungayino.cl\/noticias\/index.php?rest_route=\/wp\/v2\/users\/2"}],"replies":[{"embeddable":true,"href":"https:\/\/www.yungayino.cl\/noticias\/index.php?rest_route=%2Fwp%2Fv2%2Fcomments&post=32556"}],"version-history":[{"count":1,"href":"https:\/\/www.yungayino.cl\/noticias\/index.php?rest_route=\/wp\/v2\/posts\/32556\/revisions"}],"predecessor-version":[{"id":32561,"href":"https:\/\/www.yungayino.cl\/noticias\/index.php?rest_route=\/wp\/v2\/posts\/32556\/revisions\/32561"}],"wp:featuredmedia":[{"embeddable":true,"href":"https:\/\/www.yungayino.cl\/noticias\/index.php?rest_route=\/wp\/v2\/media\/32557"}],"wp:attachment":[{"href":"https:\/\/www.yungayino.cl\/noticias\/index.php?rest_route=%2Fwp%2Fv2%2Fmedia&parent=32556"}],"wp:term":[{"taxonomy":"category","embeddable":true,"href":"https:\/\/www.yungayino.cl\/noticias\/index.php?rest_route=%2Fwp%2Fv2%2Fcategories&post=32556"},{"taxonomy":"post_tag","embeddable":true,"href":"https:\/\/www.yungayino.cl\/noticias\/index.php?rest_route=%2Fwp%2Fv2%2Ftags&post=32556"}],"curies":[{"name":"wp","href":"https:\/\/api.w.org\/{rel}","templated":true}]}}